{"id":2329,"date":"2026-03-09T20:19:52","date_gmt":"2026-03-09T19:19:52","guid":{"rendered":"https:\/\/oruslogistics.es\/25e-forum-national-du-transport-aecoc-2026\/"},"modified":"2026-03-09T20:43:04","modified_gmt":"2026-03-09T19:43:04","slug":"25e-forum-national-du-transport-aecoc-2026","status":"publish","type":"post","link":"https:\/\/oruslogistics.es\/fr\/25e-forum-national-du-transport-aecoc-2026\/","title":{"rendered":"25e Forum National du Transport AECOC 2026"},"content":{"rendered":"[vc_row type=\u00a0\u00bbin_container\u00a0\u00bb full_screen_row_position=\u00a0\u00bbmiddle\u00a0\u00bb column_margin=\u00a0\u00bbdefault\u00a0\u00bb column_direction=\u00a0\u00bbdefault\u00a0\u00bb column_direction_tablet=\u00a0\u00bbdefault\u00a0\u00bb column_direction_phone=\u00a0\u00bbdefault\u00a0\u00bb scene_position=\u00a0\u00bbcenter\u00a0\u00bb text_color=\u00a0\u00bbdark\u00a0\u00bb text_align=\u00a0\u00bbleft\u00a0\u00bb row_border_radius=\u00a0\u00bbnone\u00a0\u00bb row_border_radius_applies=\u00a0\u00bbbg\u00a0\u00bb overflow=\u00a0\u00bbvisible\u00a0\u00bb overlay_strength=\u00a0\u00bb0.3&Prime; gradient_direction=\u00a0\u00bbleft_to_right\u00a0\u00bb shape_divider_position=\u00a0\u00bbbottom\u00a0\u00bb bg_image_animation=\u00a0\u00bbnone\u00a0\u00bb][vc_column column_padding=\u00a0\u00bbno-extra-padding\u00a0\u00bb column_padding_tablet=\u00a0\u00bbinherit\u00a0\u00bb column_padding_phone=\u00a0\u00bbinherit\u00a0\u00bb column_padding_position=\u00a0\u00bball\u00a0\u00bb column_element_direction_desktop=\u00a0\u00bbdefault\u00a0\u00bb column_element_spacing=\u00a0\u00bbdefault\u00a0\u00bb desktop_text_alignment=\u00a0\u00bbdefault\u00a0\u00bb tablet_text_alignment=\u00a0\u00bbdefault\u00a0\u00bb phone_text_alignment=\u00a0\u00bbdefault\u00a0\u00bb background_color_opacity=\u00a0\u00bb1&Prime; background_hover_color_opacity=\u00a0\u00bb1&Prime; column_backdrop_filter=\u00a0\u00bbnone\u00a0\u00bb column_shadow=\u00a0\u00bbnone\u00a0\u00bb column_border_radius=\u00a0\u00bbnone\u00a0\u00bb column_link_target=\u00a0\u00bb_self\u00a0\u00bb column_position=\u00a0\u00bbdefault\u00a0\u00bb gradient_direction=\u00a0\u00bbleft_to_right\u00a0\u00bb overlay_strength=\u00a0\u00bb0.3&Prime; width=\u00a0\u00bb1\/1&Prime; tablet_width_inherit=\u00a0\u00bbdefault\u00a0\u00bb animation_type=\u00a0\u00bbdefault\u00a0\u00bb bg_image_animation=\u00a0\u00bbnone\u00a0\u00bb border_type=\u00a0\u00bbsimple\u00a0\u00bb column_border_width=\u00a0\u00bbnone\u00a0\u00bb column_border_style=\u00a0\u00bbsolid\u00a0\u00bb][vc_column_text css=\u00a0\u00bb\u00a0\u00bb text_direction=\u00a0\u00bbdefault\u00a0\u00bb]\n<p class=\"p1\">Le <b>Forum National du Transport AECOC<\/b> c\u00e9l\u00e8bre cette ann\u00e9e sa <a href=\"https:\/\/www.aecoc.es\/minisite\/foro-nacional-del-transporte\/\" target=\"_blank\" rel=\"noopener\">25e \u00e9dition<\/a> et r\u00e9unira \u00e0 nouveau \u00e0 Madrid une grande partie des professionnels qui font avancer le transport et la logistique en Espagne. Cet \u00e9v\u00e9nement, organis\u00e9 par <span class=\"s1\"><b>AECOC<\/b><\/span>, est pr\u00e9vu pour le <span class=\"s1\"><b>12 mars 2026<\/b><\/span> et se pr\u00e9sente comme un point de rencontre pour les fabricants, distributeurs, entreprises de transport, op\u00e9rateurs logistiques, fournisseurs technologiques, associations sectorielles et Administrations publiques.<\/p>\n<p><\/p>\n<p class=\"p1\">Ce n\u2019est pas un \u00e9v\u00e9nement de plus dans le calendrier du secteur. AECOC le d\u00e9finit comme un espace permettant d\u2019anticiper les tendances, de confronter les visions et de faire avancer un agenda commun autour de plusieurs axes qui fa\u00e7onnent d\u00e9j\u00e0 le pr\u00e9sent du transport : durabilit\u00e9, comp\u00e9titivit\u00e9, talent et transformation num\u00e9rique.<\/p>\n<h2><b>Qu\u2019est-ce que le Forum National du Transport d\u2019AECOC<\/b><\/h2>\n<p><\/p>\n<p class=\"p3\">Selon l\u2019organisation elle-m\u00eame, le <b>Forum National du Transport AECOC<\/b> s\u2019est consolid\u00e9 au cours de ces 25 ann\u00e9es comme l\u2019un des rendez-vous de r\u00e9f\u00e9rence pour la cha\u00eene de valeur du transport et de la logistique. Dans cette \u00e9dition, au-del\u00e0 du networking, le programme met l\u2019accent sur des sujets tr\u00e8s li\u00e9s \u00e0 la r\u00e9alit\u00e9 du secteur, de la pression r\u00e9glementaire \u00e0 la p\u00e9nurie de conducteurs ou \u00e0 l\u2019impact des nouvelles technologies.<span class=\"Apple-converted-space\"> <\/span><\/p>\n<p><\/p>\n<p class=\"p3\">AECOC souligne \u00e9galement que le forum s\u2019adresse tout particuli\u00e8rement aux directeurs et responsables de la logistique et du transport, tant des entreprises de transport que des soci\u00e9t\u00e9s utilisatrices du transport, ainsi qu\u2019aux autorit\u00e9s et aux profils li\u00e9s \u00e0 l\u2019administration publique.<\/p>\n<h2><b>Quand et o\u00f9 se tient-il<\/b><\/h2>\n<p><\/p>\n<p class=\"p3\">La 25e \u00e9dition du <b>Forum National du Transport AECOC<\/b> aura lieu le <span class=\"s2\"><b>12 mars 2026 \u00e0 Madrid<\/b><\/span>. Le site officiel de l\u2019\u00e9v\u00e9nement la pr\u00e9sente comme une \u00e9dition sp\u00e9ciale \u00e0 l\u2019occasion des 25 ans du forum.<\/p>\n<p>Inscriptions sur son site web <a href=\"https:\/\/www.aecoc.es\/minisite\/foro-nacional-del-transporte\/\" target=\"_blank\" rel=\"noopener\">www.aecoc.es<\/a><\/p>\n[\/vc_column_text][image_with_animation image_url=\u00a0\u00bb2318&Prime; image_size=\u00a0\u00bbfull\u00a0\u00bb max_width=\u00a0\u00bb100%\u00a0\u00bb max_width_mobile=\u00a0\u00bbdefault\u00a0\u00bb animation_type=\u00a0\u00bbentrance\u00a0\u00bb animation=\u00a0\u00bbNone\u00a0\u00bb animation_movement_type=\u00a0\u00bbtransform_y\u00a0\u00bb hover_animation=\u00a0\u00bbnone\u00a0\u00bb alignment=\u00a0\u00bbcenter\u00a0\u00bb border_radius=\u00a0\u00bbnone\u00a0\u00bb box_shadow=\u00a0\u00bbnone\u00a0\u00bb image_loading=\u00a0\u00bbdefault\u00a0\u00bb][vc_column_text css=\u00a0\u00bb\u00a0\u00bb text_direction=\u00a0\u00bbdefault\u00a0\u00bb]\n<h2><b>Programme du Forum National du Transport AECOC 2026<\/b><\/h2>\n<p><\/p>\n<p class=\"p3\">Le programme de cette \u00e9dition combine vision institutionnelle, tables rondes et espaces de networking. La journ\u00e9e commence par l\u2019ouverture assur\u00e9e par <span class=\"s2\"><b>Jos\u00e9 Mar\u00eda Bonmat\u00ed<\/b><\/span>, directeur g\u00e9n\u00e9ral d\u2019AECOC, et <span class=\"s2\"><b>Roc\u00edo B\u00e1guena<\/b><\/span>, secr\u00e9taire g\u00e9n\u00e9rale du Transport terrestre au Minist\u00e8re des Transports et de la Mobilit\u00e9 durable.<span class=\"Apple-converted-space\"> <\/span><\/p>\n<p><\/p>\n<p class=\"p3\">\u00c0 partir de l\u00e0, le contenu aborde plusieurs des sujets qui pr\u00e9occupent le plus le secteur aujourd\u2019hui :<\/p>\n<h3><b>1. La r\u00e9glementation europ\u00e9enne et son impact local<\/b><\/h3>\n<p><\/p>\n<p class=\"p3\">L\u2019un des premiers blocs traite de la mani\u00e8re dont le nouveau cadre r\u00e9glementaire europ\u00e9en et espagnol red\u00e9finit les standards op\u00e9rationnels, les exigences environnementales et les processus de num\u00e9risation obligatoire. \u00c0 ce dialogue participe <span class=\"s2\"><b>Jean-Louis Colson<\/b><\/span>, chef d\u2019unit\u00e9 \u00e0 la Direction g\u00e9n\u00e9rale de la mobilit\u00e9 et des transports de la Commission europ\u00e9enne.<span class=\"Apple-converted-space\"> <\/span><\/p>\n<h3><b>2. Le manque de conducteurs<\/b><\/h3>\n<p><\/p>\n<p class=\"p3\">Le forum r\u00e9serve \u00e9galement une table ronde \u00e0 l\u2019un des probl\u00e8mes les plus souvent \u00e9voqu\u00e9s par les entreprises : la p\u00e9nurie de conducteurs et son impact sur la capacit\u00e9 de service. Des repr\u00e9sentants d\u2019entreprises telles que <span class=\"s2\"><b>DIA<\/b><\/span>, <span class=\"s2\"><b>Grupo Caliche<\/b><\/span> et <span class=\"s2\"><b>Transportes Sierra Morena<\/b><\/span> y participent, avec <span class=\"s2\"><b>Alejandro Santana<\/b><\/span>, de Marlex, comme mod\u00e9rateur.<span class=\"Apple-converted-space\"> <\/span><\/p>\n<h3><b>3. Camion autonome et changement de mod\u00e8le<\/b><\/h3>\n<p><\/p>\n<p class=\"p3\">Un autre moment fort sera la conf\u00e9rence sur le camion autonome, pr\u00e9sent\u00e9e par AECOC comme une rupture qui ne rel\u00e8ve plus seulement de la th\u00e9orie. Dans ce bloc figurent des noms comme <span class=\"s2\"><b>Jaime S\u00e1nchez<\/b><\/span> (IVECO), <span class=\"s2\"><b>H\u00e9ctor Cebri\u00e1n<\/b><\/span> (SES\u00c9), <span class=\"s2\"><b>Pierre Pomper<\/b><\/span> (Einride), <span class=\"s2\"><b>Javier Mart\u00ednez<\/b><\/span> (Gouvernement d\u2019Aragon) et <span class=\"s2\"><b>Raquel Urtasun<\/b><\/span> (Waabi).<span class=\"Apple-converted-space\"> <\/span><\/p>\n<h2><b>Intervenants du Forum National du Transport AECOC 2026<\/b><\/h2>\n<p><\/p>\n<p class=\"p3\">L\u2019affiche r\u00e9unit des profils institutionnels, des dirigeants d\u2019entreprise et des sp\u00e9cialistes de l\u2019\u00e9cosyst\u00e8me logistique et du transport. Parmi les noms figurant dans le programme officiel, on retrouve notamment <span class=\"s2\"><b>Roc\u00edo B\u00e1guena<\/b><\/span>, <span class=\"s2\"><b>Jean-Louis Colson<\/b><\/span>, <span class=\"s2\"><b>Alejandro Santana<\/b><\/span>, <span class=\"s2\"><b>Pedro Gallego<\/b><\/span>, <span class=\"s2\"><b>Miguel \u00c1ngel Herchiga<\/b><\/span>, <span class=\"s2\"><b>Manuel Serrano<\/b><\/span>, <span class=\"s2\"><b>Jaime S\u00e1nchez<\/b><\/span>, <span class=\"s2\"><b>H\u00e9ctor Cebri\u00e1n<\/b><\/span>, <span class=\"s2\"><b>Raquel Urtasun<\/b><\/span>, <span class=\"s2\"><b>Carolina Torres<\/b><\/span>, <span class=\"s2\"><b>Diego Alonso<\/b><\/span> et <span class=\"s2\"><b>\u00c1ngel Soret<\/b><\/span>.<span class=\"Apple-converted-space\"> <\/span><\/p>\n<p><\/p>\n<p class=\"p3\">Au-del\u00e0 de la liste, ce qui est int\u00e9ressant, c\u2019est l\u2019approche : AECOC m\u00eale vision institutionnelle, r\u00e9alit\u00e9 op\u00e9rationnelle et technologie appliqu\u00e9e. Et dans un moment comme celui-ci, cela a beaucoup de sens.<\/p>\n[\/vc_column_text][image_with_animation image_url=\u00a0\u00bb2023&Prime; image_size=\u00a0\u00bbfull\u00a0\u00bb max_width=\u00a0\u00bb100%\u00a0\u00bb max_width_mobile=\u00a0\u00bbdefault\u00a0\u00bb animation_type=\u00a0\u00bbentrance\u00a0\u00bb animation=\u00a0\u00bbNone\u00a0\u00bb animation_movement_type=\u00a0\u00bbtransform_y\u00a0\u00bb hover_animation=\u00a0\u00bbnone\u00a0\u00bb alignment=\u00a0\u00bbcenter\u00a0\u00bb border_radius=\u00a0\u00bbnone\u00a0\u00bb box_shadow=\u00a0\u00bbnone\u00a0\u00bb image_loading=\u00a0\u00bbdefault\u00a0\u00bb][vc_column_text css=\u00a0\u00bb\u00a0\u00bb text_direction=\u00a0\u00bbdefault\u00a0\u00bb]\n<h2><b>Le bloc qui int\u00e9resse le plus le secteur : octobre 2026 et le grand d\u00e9fi num\u00e9rique<\/b><\/h2>\n<p><\/p>\n<p class=\"p3\">S\u2019il y a une partie du programme qui m\u00e9rite une attention particuli\u00e8re, c\u2019est bien la table ronde intitul\u00e9e <span class=\"s2\"><b>\u00ab Octobre 2026 : le secteur face \u00e0 son plus grand d\u00e9fi num\u00e9rique \u00bb<\/b><\/span>. AECOC la pr\u00e9sente de mani\u00e8re tr\u00e8s claire : la <span class=\"s2\"><b>Loi 9\/2025 sur la Mobilit\u00e9 durable<\/b><\/span> \u00e9tablit que le document de contr\u00f4le administratif exig\u00e9 pour le transport public routier de marchandises devra obligatoirement \u00eatre num\u00e9rique dix mois apr\u00e8s l\u2019entr\u00e9e en vigueur de la loi. \u00c9tant donn\u00e9 que la loi a \u00e9t\u00e9 publi\u00e9e le <span class=\"s2\"><b>3 d\u00e9cembre 2025<\/b><\/span>, ce changement obligatoire place l\u2019\u00e9ch\u00e9ance en <span class=\"s2\"><b>octobre 2026<\/b><\/span>.<span class=\"Apple-converted-space\"> <\/span><\/p>\n<p><\/p>\n<p class=\"p3\">La description m\u00eame de cette table ronde laisse d\u00e9j\u00e0 entrevoir la nature du d\u00e9fi : il ne s\u2019agit pas seulement de remplacer le papier par un \u00e9cran. Il s\u2019agit de revoir les processus, d\u2019int\u00e9grer les syst\u00e8mes, de garantir l\u2019interop\u00e9rabilit\u00e9 et d\u2019avancer vers des op\u00e9rations fond\u00e9es sur les donn\u00e9es, ce qui est particuli\u00e8rement sensible dans un secteur marqu\u00e9 par des niveaux de maturit\u00e9 technologique tr\u00e8s diff\u00e9rents et une forte fragmentation des entreprises.<span class=\"Apple-converted-space\"> <\/span><\/p>\n<p><\/p>\n<p class=\"p3\">Dans ce bloc interviendront <span class=\"s2\"><b>Carolina Torres<\/b><\/span>, directrice de Logistics Execution Europe chez CHEP ; <span class=\"s2\"><b>Diego Alonso<\/b><\/span>, directeur des op\u00e9rations et du d\u00e9veloppement commercial chez Eurolefesa ; et <span class=\"s2\"><b>\u00c1ngel Soret<\/b><\/span>, sous-directeur g\u00e9n\u00e9ral de l\u2019inspection du transport routier et ferroviaire au minist\u00e8re des Transports et de la Mobilit\u00e9 durable.<span class=\"Apple-converted-space\"> <\/span><\/p>\n<h2><b>Ce que ce d\u00e9fi num\u00e9rique signifie r\u00e9ellement pour les transporteurs, chargeurs et op\u00e9rateurs<\/b><\/h2>\n<p><\/p>\n<p class=\"p3\">La conversation qui s\u2019ouvrira lors du <strong>Forum National du Transport AECOC<\/strong> est directement li\u00e9e \u00e0 quelque chose que de nombreuses entreprises ont d\u00e9j\u00e0 sur la table : la n\u00e9cessit\u00e9 de pr\u00e9parer leurs op\u00e9rations \u00e0 la documentation num\u00e9rique obligatoire. Le BOE mentionne express\u00e9ment cette num\u00e9risation du document de contr\u00f4le, et le si\u00e8ge \u00e9lectronique du Minist\u00e8re pr\u00e9voit d\u00e9j\u00e0 des d\u00e9marches li\u00e9es au <span class=\"s2\"><b>document de contr\u00f4le num\u00e9rique<\/b><\/span>, comme la transmission du document ou la d\u00e9claration de domaine des plateformes de documents de contr\u00f4le \u00e9lectroniques.<span class=\"Apple-converted-space\"> <\/span><\/p>\n<p><\/p>\n<p class=\"p3\">Pour le dire simplement : cela ne ressemble ni \u00e0 une tendance lointaine ni \u00e0 une possibilit\u00e9 \u00e0 \u00e9tudier \u00ab plus tard \u00bb. Il s\u2019agit d\u2019un v\u00e9ritable changement r\u00e9glementaire, avec un calendrier d\u00e9fini, qui exigera une adaptation technologique et op\u00e9rationnelle.<span class=\"Apple-converted-space\"> <\/span><\/p>\n<h2><b>Quel r\u00f4le joue ici Orus Logistics<\/b><\/h2>\n<p><\/p>\n<p class=\"p3\">Du point de vue de <a href=\"https:\/\/oruslogistics.es\/fr\/\"><span class=\"s2\"><b>Orus Logistics<\/b><\/span><\/a>, ce point du programme n\u2019est pas une simple anecdote dans l\u2019\u00e9v\u00e9nement. C\u2019est un signal clair de la direction que prend le secteur. L\u2019obligation de travailler avec une documentation num\u00e9rique, ainsi que la n\u00e9cessit\u00e9 d\u2019ordonner les processus, d\u2019am\u00e9liorer la tra\u00e7abilit\u00e9 et de faciliter la communication entre tous les acteurs de la cha\u00eene, correspond directement \u00e0 ce dont de nombreuses entreprises auront besoin dans les prochains mois. Le cadre r\u00e9glementaire est d\u00e9j\u00e0 publi\u00e9 et le programme d\u2019AECOC lui-m\u00eame confirme qu\u2019il s\u2019agira de l\u2019un des d\u00e9bats centraux de l\u2019ann\u00e9e.<span class=\"Apple-converted-space\"> <\/span><\/p>\n<p><\/p>\n<p class=\"p3\">C\u2019est pourquoi, au-del\u00e0 du fait de suivre de pr\u00e8s ce qui sera partag\u00e9 dans cette table ronde, chez Orus nous sommes convaincus que ce d\u00e9fi ne doit pas se traduire par davantage de complications pour les professionnels. La num\u00e9risation du document de contr\u00f4le et des autres processus associ\u00e9s doit \u00eatre r\u00e9solue d\u2019une mani\u00e8re pratique, simple et supportable pour des entreprises de tailles diff\u00e9rentes.<\/p>\n<h2><b>Un rappel qu\u2019il convient de garder \u00e0 l\u2019esprit<\/b><\/h2>\n<p><\/p>\n<p class=\"p3\">Octobre 2026 semble loin jusqu\u2019\u00e0 ce que l\u2019on regarde le travail qu\u2019il reste \u00e0 accomplir : revoir les flux, d\u00e9finir les responsabilit\u00e9s, connecter les donn\u00e9es, s\u00e9curiser les acc\u00e8s, organiser les preuves et \u00e9viter qu\u2019une obligation l\u00e9gale ne se transforme en probl\u00e8me op\u00e9rationnel quotidien. C\u2019est sans doute le fond du d\u00e9bat qu\u2019AECOC souhaite mettre sur la table dans cette \u00e9dition du <strong>Forum National du Transport AECOC<\/strong>.<span class=\"Apple-converted-space\"> <\/span><\/p>\n<p><\/p>\n<p class=\"p3\">Et c\u2019est pr\u00e9cis\u00e9ment l\u00e0 que, chez <span class=\"s2\"><b>Orus Logistics<\/b><\/span>, nous voulons apporter de la valeur : en aidant \u00e0 g\u00e9rer cette transition de mani\u00e8re simple et \u00e9conomique, sans ajouter de friction inutile au travail quotidien.<\/p>\n[\/vc_column_text][vc_column_text css=\u00a0\u00bb\u00a0\u00bb text_direction=\u00a0\u00bbdefault\u00a0\u00bb]\n<h2><b>Voulez-vous \u00eatre parmi les premiers \u00e0 l\u2019essayer gratuitement ?<\/b><\/h2>\n<p><\/p>\n<p class=\"p3\">Si vous suivez de pr\u00e8s tout ce qui concerne le <strong>Forum National du Transport<\/strong>, <span class=\"s2\"><b>AECOC<\/b><\/span> et le nouveau sc\u00e9nario num\u00e9rique qui s\u2019ouvre pour le secteur, vous pouvez nous laisser vos coordonn\u00e9es dans le formulaire et nous vous pr\u00e9viendrons afin que vous fassiez partie des premiers \u00e0 essayer gratuitement la solution d\u2019Orus Logistics con\u00e7ue pour ce nouveau besoin.<\/p>\n<p><\/p>\n<p class=\"p3\">Parce qu\u2019il vaut toujours mieux s\u2019adapter \u00e0 temps que courir quand l\u2019\u00e9ch\u00e9ance est d\u00e9j\u00e0 l\u00e0.<\/p>\n[\/vc_column_text][\/vc_column][\/vc_row][vc_row type=\u00a0\u00bbin_container\u00a0\u00bb full_screen_row_position=\u00a0\u00bbmiddle\u00a0\u00bb column_margin=\u00a0\u00bbdefault\u00a0\u00bb column_direction=\u00a0\u00bbdefault\u00a0\u00bb column_direction_tablet=\u00a0\u00bbdefault\u00a0\u00bb column_direction_phone=\u00a0\u00bbdefault\u00a0\u00bb bg_color=\u00a0\u00bb#EAEAEA\u00a0\u00bb scene_position=\u00a0\u00bbcenter\u00a0\u00bb top_padding=\u00a0\u00bb4%\u00a0\u00bb bottom_padding=\u00a0\u00bb4%\u00a0\u00bb left_padding_desktop=\u00a0\u00bb4%\u00a0\u00bb right_padding_desktop=\u00a0\u00bb4%\u00a0\u00bb top_padding_phone=\u00a0\u00bb15%\u00a0\u00bb bottom_padding_phone=\u00a0\u00bb15%\u00a0\u00bb text_color=\u00a0\u00bbdark\u00a0\u00bb text_align=\u00a0\u00bbleft\u00a0\u00bb row_border_radius=\u00a0\u00bb20px\u00a0\u00bb row_border_radius_applies=\u00a0\u00bbbg\u00a0\u00bb overflow=\u00a0\u00bbvisible\u00a0\u00bb overlay_strength=\u00a0\u00bb0.3&Prime; gradient_direction=\u00a0\u00bbleft_to_right\u00a0\u00bb shape_divider_position=\u00a0\u00bbbottom\u00a0\u00bb bg_image_animation=\u00a0\u00bbnone\u00a0\u00bb gradient_type=\u00a0\u00bbdefault\u00a0\u00bb shape_type=\u00a0\u00bb\u00a0\u00bb][vc_column column_padding=\u00a0\u00bbno-extra-padding\u00a0\u00bb column_padding_tablet=\u00a0\u00bbinherit\u00a0\u00bb column_padding_phone=\u00a0\u00bbinherit\u00a0\u00bb column_padding_position=\u00a0\u00bball\u00a0\u00bb column_element_direction_desktop=\u00a0\u00bbdefault\u00a0\u00bb column_element_spacing=\u00a0\u00bbdefault\u00a0\u00bb centered_text=\u00a0\u00bbtrue\u00a0\u00bb desktop_text_alignment=\u00a0\u00bbdefault\u00a0\u00bb tablet_text_alignment=\u00a0\u00bbdefault\u00a0\u00bb phone_text_alignment=\u00a0\u00bbdefault\u00a0\u00bb background_color_opacity=\u00a0\u00bb1&Prime; background_hover_color_opacity=\u00a0\u00bb1&Prime; column_backdrop_filter=\u00a0\u00bbnone\u00a0\u00bb column_shadow=\u00a0\u00bbnone\u00a0\u00bb column_border_radius=\u00a0\u00bbnone\u00a0\u00bb column_link_target=\u00a0\u00bb_self\u00a0\u00bb column_position=\u00a0\u00bbdefault\u00a0\u00bb gradient_direction=\u00a0\u00bbleft_to_right\u00a0\u00bb overlay_strength=\u00a0\u00bb0.3&Prime; width=\u00a0\u00bb1\/1&Prime; tablet_width_inherit=\u00a0\u00bbdefault\u00a0\u00bb animation_type=\u00a0\u00bbdefault\u00a0\u00bb bg_image_animation=\u00a0\u00bbnone\u00a0\u00bb border_type=\u00a0\u00bbsimple\u00a0\u00bb column_border_width=\u00a0\u00bbnone\u00a0\u00bb column_border_style=\u00a0\u00bbsolid\u00a0\u00bb column_padding_type=\u00a0\u00bbdefault\u00a0\u00bb gradient_type=\u00a0\u00bbdefault\u00a0\u00bb][vc_column_text css=\u00a0\u00bb\u00a0\u00bb text_direction=\u00a0\u00bbdefault\u00a0\u00bb]\n<h3 class=\"p3\" style=\"text-align: center;\">Voulez-vous essayer la cr\u00e9ation du DCA num\u00e9rique&nbsp;?<\/h3>\n<p><\/p>\n<p class=\"p3\" style=\"text-align: center;\">Demandez votre acc\u00e8s exclusif \u00e0 l\u2019essai.<\/p>\n<p><\/p>\n<p style=\"text-align: center;\"> <noscript class=\"ninja-forms-noscript-message\">\n\tRemarque\u00a0: JavaScript est requis pour ce contenu.<\/noscript>\n<style>\n\n        \/* FIELDS STYLES *\/\n    \n        .nf-form-content .nf-field-container #nf-field-47-wrap .nf-field-element .ninja-forms-field {\n                                    background-color:#ffffff;\n                    }\n        .nf-form-content .nf-field-container #nf-field-48-wrap .nf-field-element .ninja-forms-field {\n                                    background-color:#ffffff;\n                    }\n    <\/style><div id=\"nf-form-8-cont\" class=\"nf-form-cont\" aria-live=\"polite\" aria-labelledby=\"nf-form-title-8\" aria-describedby=\"nf-form-errors-8\" role=\"form\">\n\n    <div class=\"nf-loading-spinner\"><\/div>\n\n<\/div>\n        <!-- That data is being printed as a workaround to page builders reordering the order of the scripts loaded-->\n        <script>var formDisplay=1;var nfForms=nfForms||[];var form=[];form.id='8';form.settings={\"objectType\":\"Form Setting\",\"editActive\":true,\"title\":\"Solicitud DCA FR\",\"created_at\":\"2026-02-03 20:26:19\",\"default_label_pos\":\"above\",\"show_title\":\"0\",\"clear_complete\":\"1\",\"hide_complete\":\"1\",\"logged_in\":\"\",\"wrapper_class\":\"\",\"element_class\":\"\",\"form_title_heading_level\":\"3\",\"key\":\"\",\"add_submit\":\"0\",\"changeEmailErrorMsg\":\"Veuillez saisir une adresse de messagerie valide. Ex\\u00a0: jean.dupont@gmail.com\",\"changeDateErrorMsg\":\"Veuillez saisir une date valide\\u00a0!\",\"confirmFieldErrorMsg\":\"Ces champs doivent correspondre\\u00a0!\",\"fieldNumberNumMinError\":\"Erreur de nombre min.\",\"fieldNumberNumMaxError\":\"Erreur de nombre max.\",\"fieldNumberIncrementBy\":\"Veuillez incr\\u00e9menter par \",\"formErrorsCorrectErrors\":\"Veuillez corriger les erreurs avant d\\u2019envoyer ce formulaire.\",\"validateRequiredField\":\"Ce champ est obligatoire.\",\"honeypotHoneypotError\":\"Erreur Honeypot\",\"fieldsMarkedRequired\":\"Les champs marqu\\u00e9s d\\u2019un <span class=\\\"ninja-forms-req-symbol\\\">*<\\\/span> sont obligatoires\",\"currency\":\"\",\"unique_field_error\":\"Ya se ha enviado un formulario con este valor.\",\"not_logged_in_msg\":\"\",\"sub_limit_msg\":\"Has alcanzado el l\\u00edmite de env\\u00edos en el formulario.\",\"calculations\":[],\"container_styles_show_advanced_css\":\"0\",\"title_styles_show_advanced_css\":\"0\",\"row_styles_show_advanced_css\":\"0\",\"row-odd_styles_show_advanced_css\":\"0\",\"success-msg_styles_show_advanced_css\":\"0\",\"error_msg_styles_show_advanced_css\":\"0\",\"formContentData\":[{\"order\":1,\"cells\":[{\"order\":0,\"fields\":[\"nom_1770147037729\"],\"width\":\"100\"}]},{\"order\":2,\"cells\":[{\"order\":0,\"fields\":[\"email_1770145944147\"],\"width\":\"100\"}]},{\"order\":3,\"cells\":[{\"order\":0,\"fields\":[\"j_ai_lu_et_compris_les_mentions_legales_et_la_politique_de_confidentialite_et_j_accepte_de_recevoir_des_communications_commerciales_de_la_part_de_oruslogistics_es_par_e-mail_1770147057315\"],\"width\":\"100\"}]},{\"order\":4,\"cells\":[{\"order\":0,\"fields\":[\"envoyer_la_demande_1770147068225\"],\"width\":\"100\"}]}],\"objectDomain\":\"display\",\"drawerDisabled\":false,\"container_styles_border\":\"\",\"container_styles_height\":\"\",\"container_styles_margin\":\"\",\"container_styles_padding\":\"\",\"container_styles_float\":\"\",\"title_styles_border\":\"\",\"title_styles_height\":\"\",\"title_styles_width\":\"\",\"title_styles_font-size\":\"\",\"title_styles_margin\":\"\",\"title_styles_padding\":\"\",\"title_styles_float\":\"\",\"row_styles_border\":\"\",\"row_styles_width\":\"\",\"row_styles_font-size\":\"\",\"row_styles_margin\":\"\",\"row_styles_padding\":\"\",\"row-odd_styles_border\":\"\",\"row-odd_styles_height\":\"\",\"row-odd_styles_width\":\"\",\"row-odd_styles_font-size\":\"\",\"row-odd_styles_margin\":\"\",\"row-odd_styles_padding\":\"\",\"success-msg_styles_border\":\"\",\"success-msg_styles_height\":\"\",\"success-msg_styles_width\":\"\",\"success-msg_styles_font-size\":\"\",\"success-msg_styles_margin\":\"\",\"success-msg_styles_padding\":\"\",\"error_msg_styles_border\":\"\",\"error_msg_styles_width\":\"\",\"error_msg_styles_font-size\":\"\",\"error_msg_styles_margin\":\"\",\"error_msg_styles_padding\":\"\",\"conditions\":[],\"allow_public_link\":0,\"embed_form\":\"\",\"ninjaForms\":\"Ninja Forms\",\"fieldTextareaRTEInsertLink\":\"Ins\\u00e9rer un lien\",\"fieldTextareaRTEInsertMedia\":\"Ins\\u00e9rer un m\\u00e9dia\",\"fieldTextareaRTESelectAFile\":\"S\\u00e9lectionnez un fichier\",\"formHoneypot\":\"Si vous \\u00eates un \\u00eatre humain et que vous voyez ce champ, veuillez le laisser vide.\",\"fileUploadOldCodeFileUploadInProgress\":\"T\\u00e9l\\u00e9versement du fichier en cours.\",\"fileUploadOldCodeFileUpload\":\"T\\u00c9L\\u00c9VERSEMENT DE FICHIER\",\"currencySymbol\":false,\"thousands_sep\":\"\\u00a0\",\"decimal_point\":\",\",\"siteLocale\":\"fr_FR\",\"dateFormat\":\"m\\\/d\\\/Y\",\"startOfWeek\":\"1\",\"of\":\"sur\",\"previousMonth\":\"Mois pr\\u00e9c\\u00e9dent\",\"nextMonth\":\"Mois suivant\",\"months\":[\"Janvier\",\"F\\u00e9vrier\",\"Mars\",\"Avril\",\"Mai\",\"Juin\",\"Juillet\",\"Ao\\u00fbt\",\"Septembre\",\"Octobre\",\"Novembre\",\"D\\u00e9cembre\"],\"monthsShort\":[\"Jan\",\"F\\u00e9v\",\"Mar\",\"Avr\",\"Mai\",\"Juin\",\"Juil\",\"Ao\\u00fb\",\"Sep\",\"Oct\",\"Nov\",\"D\\u00e9c\"],\"weekdays\":[\"Dimanche\",\"Lundi\",\"Mardi\",\"Mercredi\",\"Jeudi\",\"Vendredi\",\"Samedi\"],\"weekdaysShort\":[\"Dim\",\"Lun\",\"Mar\",\"Mer\",\"Jeu\",\"Ven\",\"Sam\"],\"weekdaysMin\":[\"Di\",\"Lu\",\"Ma\",\"Me\",\"Je\",\"Ve\",\"Sa\"],\"recaptchaConsentMissing\":\"reCaptcha validation couldn&#039;t load.\",\"recaptchaMissingCookie\":\"reCaptcha v3 validation couldn&#039;t load the cookie needed to submit the form.\",\"recaptchaConsentEvent\":\"Accept reCaptcha cookies before sending the form.\",\"currency_symbol\":\"\",\"beforeForm\":\"\",\"beforeFields\":\"\",\"afterFields\":\"\",\"afterForm\":\"\"};form.fields=[{\"objectType\":\"Field\",\"objectDomain\":\"fields\",\"editActive\":false,\"order\":1,\"idAttribute\":\"id\",\"label\":\"Nom\",\"type\":\"firstname\",\"key\":\"nom_1770147037729\",\"label_pos\":\"above\",\"required\":1,\"default\":\"\",\"placeholder\":\"\",\"container_class\":\"\",\"element_class\":\"\",\"admin_label\":\"\",\"help_text\":\"\",\"custom_name_attribute\":\"fname\",\"personally_identifiable\":1,\"wrap_styles_border\":\"\",\"wrap_styles_width\":\"\",\"wrap_styles_margin\":\"\",\"wrap_styles_padding\":\"\",\"wrap_styles_float\":\"\",\"wrap_styles_show_advanced_css\":0,\"label_styles_border\":\"\",\"label_styles_width\":\"\",\"label_styles_font-size\":\"\",\"label_styles_margin\":\"\",\"label_styles_padding\":\"\",\"label_styles_float\":\"\",\"label_styles_show_advanced_css\":0,\"element_styles_border\":\"\",\"element_styles_width\":\"\",\"element_styles_font-size\":\"\",\"element_styles_margin\":\"\",\"element_styles_padding\":\"\",\"element_styles_float\":\"\",\"element_styles_show_advanced_css\":0,\"cellcid\":\"c3638\",\"value\":\"\",\"wrap_styles_background-color\":\"\",\"drawerDisabled\":\"\",\"element_styles_background-color\":\"#ffffff\",\"field_label\":\"Name\",\"field_key\":\"name_1770145938510\",\"id\":47,\"beforeField\":\"\",\"afterField\":\"\",\"parentType\":\"firstname\",\"element_templates\":[\"firstname\",\"input\"],\"old_classname\":\"\",\"wrap_template\":\"wrap\"},{\"objectType\":\"Field\",\"objectDomain\":\"fields\",\"editActive\":false,\"order\":2,\"idAttribute\":\"id\",\"label\":\"Email\",\"type\":\"email\",\"key\":\"email_1770145944147\",\"label_pos\":\"above\",\"required\":1,\"default\":\"\",\"placeholder\":\"\",\"container_class\":\"\",\"element_class\":\"\",\"admin_label\":\"\",\"help_text\":\"\",\"custom_name_attribute\":\"email\",\"personally_identifiable\":1,\"wrap_styles_border\":\"\",\"wrap_styles_width\":\"\",\"wrap_styles_margin\":\"\",\"wrap_styles_padding\":\"\",\"wrap_styles_float\":\"\",\"wrap_styles_show_advanced_css\":0,\"label_styles_border\":\"\",\"label_styles_width\":\"\",\"label_styles_font-size\":\"\",\"label_styles_margin\":\"\",\"label_styles_padding\":\"\",\"label_styles_float\":\"\",\"label_styles_show_advanced_css\":0,\"element_styles_border\":\"\",\"element_styles_width\":\"\",\"element_styles_font-size\":\"\",\"element_styles_margin\":\"\",\"element_styles_padding\":\"\",\"element_styles_float\":\"\",\"element_styles_show_advanced_css\":0,\"cellcid\":\"c3642\",\"value\":\"\",\"wrap_styles_background-color\":\"\",\"drawerDisabled\":\"\",\"label_styles_background-color\":\"\",\"element_styles_background-color\":\"#ffffff\",\"field_label\":\"Email\",\"field_key\":\"email_1770145944147\",\"id\":48,\"beforeField\":\"\",\"afterField\":\"\",\"parentType\":\"email\",\"element_templates\":[\"email\",\"input\"],\"old_classname\":\"\",\"wrap_template\":\"wrap\"},{\"objectType\":\"Field\",\"objectDomain\":\"fields\",\"editActive\":false,\"order\":3,\"idAttribute\":\"id\",\"label\":\"J\\u2019ai lu et compris les Mentions l\\u00e9gales et la Politique de confidentialit\\u00e9, et j\\u2019accepte de recevoir des communications commerciales de la part de oruslogistics.es par e-mail.\",\"type\":\"checkbox\",\"key\":\"j_ai_lu_et_compris_les_mentions_legales_et_la_politique_de_confidentialite_et_j_accepte_de_recevoir_des_communications_commerciales_de_la_part_de_oruslogistics_es_par_e-mail_1770147057315\",\"label_pos\":\"right\",\"required\":1,\"container_class\":\"\",\"element_class\":\"\",\"manual_key\":\"\",\"admin_label\":\"\",\"help_text\":\"<p><br><\\\/p>\",\"desc_text\":\"<p><br><\\\/p>\",\"default_value\":\"checked\",\"checked_value\":\"Marcado\",\"unchecked_value\":\"Desmarcado\",\"checked_calc_value\":\"\",\"unchecked_calc_value\":\"\",\"wrap_styles_border\":\"\",\"wrap_styles_width\":\"\",\"wrap_styles_margin\":\"\",\"wrap_styles_padding\":\"\",\"wrap_styles_float\":\"\",\"wrap_styles_show_advanced_css\":0,\"label_styles_border\":\"\",\"label_styles_width\":\"\",\"label_styles_font-size\":\"\",\"label_styles_margin\":\"\",\"label_styles_padding\":\"\",\"label_styles_float\":\"\",\"label_styles_show_advanced_css\":0,\"element_styles_border\":\"\",\"element_styles_width\":\"\",\"element_styles_font-size\":\"\",\"element_styles_margin\":\"\",\"element_styles_padding\":\"\",\"element_styles_float\":\"\",\"element_styles_show_advanced_css\":0,\"cellcid\":\"c3645\",\"drawerDisabled\":false,\"field_label\":\"I have read and understand the Legal Notice and the Privacy Policy, and I agree to receive commercial communications from oruslogistics.es via email.\",\"field_key\":\"i_have_read_and_understand_the_legal_notice_and_the_privacy_policy_and_i_agree_to_receive_commercial_communications_from_oruslogistics_es_via_email_1770146018201\",\"id\":49,\"beforeField\":\"\",\"afterField\":\"\",\"value\":\"\",\"parentType\":\"checkbox\",\"element_templates\":[\"checkbox\",\"input\"],\"old_classname\":\"\",\"wrap_template\":\"wrap\"},{\"objectType\":\"Field\",\"objectDomain\":\"fields\",\"editActive\":false,\"order\":4,\"idAttribute\":\"id\",\"label\":\"Envoyer la demande\",\"type\":\"submit\",\"processing_label\":\"Traitement en cours\",\"container_class\":\"\",\"element_class\":\"\",\"key\":\"envoyer_la_demande_1770147068225\",\"admin_label\":\"\",\"wrap_styles_border\":\"\",\"wrap_styles_width\":\"\",\"wrap_styles_margin\":\"\",\"wrap_styles_padding\":\"\",\"wrap_styles_float\":\"\",\"wrap_styles_show_advanced_css\":0,\"element_styles_border\":\"\",\"element_styles_width\":\"\",\"element_styles_font-size\":\"\",\"element_styles_margin\":\"\",\"element_styles_padding\":\"\",\"element_styles_float\":\"\",\"element_styles_show_advanced_css\":0,\"submit_element_hover_styles_border\":\"\",\"submit_element_hover_styles_width\":\"\",\"submit_element_hover_styles_font-size\":\"\",\"submit_element_hover_styles_margin\":\"\",\"submit_element_hover_styles_padding\":\"\",\"submit_element_hover_styles_float\":\"\",\"submit_element_hover_styles_show_advanced_css\":0,\"cellcid\":\"c3648\",\"drawerDisabled\":false,\"field_label\":\"Submit request\",\"field_key\":\"submit_request_1770146029262\",\"id\":50,\"beforeField\":\"\",\"afterField\":\"\",\"value\":\"\",\"label_pos\":\"above\",\"parentType\":\"textbox\",\"element_templates\":[\"submit\",\"button\",\"input\"],\"old_classname\":\"\",\"wrap_template\":\"wrap-no-label\"}];nfForms.push(form);<\/script>\n                <script id=\"nf-tmpl-cell\" type=\"text\/template\">\n            <nf-fields><\/nf-fields>\n        <\/script>\n\n        <script id=\"nf-tmpl-row\" type=\"text\/template\">\n            <nf-cells><\/nf-cells>\n        <\/script>\n\n        \n[\/vc_column_text][\/vc_column][\/vc_row]\n","protected":false},"excerpt":{"rendered":"<p>Le 25e Forum National du Transport AECOC se tiendra le 12 mars 2026 \u00e0 Madrid et mettra sur la table plusieurs des grands sujets qui fa\u00e7onneront le secteur. Nous passons en revue son programme, plusieurs de ses intervenants les plus marquants et le d\u00e9bat autour du d\u00e9fi num\u00e9rique qui s\u2019annonce pour le transport de marchandises.<\/p>\n","protected":false},"author":3,"featured_media":2328,"comment_status":"open","ping_status":"open","sticky":false,"template":"","format":"standard","meta":{"inline_featured_image":false,"footnotes":""},"categories":[110],"tags":[111,46],"class_list":{"0":"post-2329","1":"post","2":"type-post","3":"status-publish","4":"format-standard","5":"has-post-thumbnail","7":"category-secteur-professionnel","8":"tag-actualites","9":"tag-logistique"},"yoast_head":"<!-- This site is optimized with the Yoast SEO Premium plugin v27.2 (Yoast SEO v27.4) - https:\/\/yoast.com\/product\/yoast-seo-premium-wordpress\/ -->\n<title>25e Forum National du Transport AECOC 2026 - Orus logistics<\/title>\n<meta name=\"description\" content=\"D\u00e9couvrez le 25e Forum National du Transport AECOC 2026 : date, programme, intervenants et cl\u00e9s du d\u00e9fi num\u00e9rique du secteur du transport.\" \/>\n<meta name=\"robots\" content=\"index, follow, max-snippet:-1, max-image-preview:large, max-video-preview:-1\" \/>\n<link rel=\"canonical\" href=\"https:\/\/oruslogistics.es\/fr\/25e-forum-national-du-transport-aecoc-2026\/\" \/>\n<meta property=\"og:locale\" content=\"fr_FR\" \/>\n<meta property=\"og:type\" content=\"article\" \/>\n<meta property=\"og:title\" content=\"25e Forum National du Transport AECOC 2026\" \/>\n<meta property=\"og:description\" content=\"D\u00e9couvrez le 25e Forum National du Transport AECOC 2026 : date, programme, intervenants et cl\u00e9s du d\u00e9fi num\u00e9rique du secteur du transport.\" \/>\n<meta property=\"og:url\" content=\"https:\/\/oruslogistics.es\/fr\/25e-forum-national-du-transport-aecoc-2026\/\" \/>\n<meta property=\"og:site_name\" content=\"Orus logistics\" \/>\n<meta property=\"article:published_time\" content=\"2026-03-09T19:19:52+00:00\" \/>\n<meta property=\"article:modified_time\" content=\"2026-03-09T19:43:04+00:00\" \/>\n<meta property=\"og:image\" content=\"https:\/\/oruslogistics.es\/wp-content\/uploads\/2026\/03\/red-tanker-truck-wet-road-sunset.jpg\" \/>\n\t<meta property=\"og:image:width\" content=\"1536\" \/>\n\t<meta property=\"og:image:height\" content=\"1024\" \/>\n\t<meta property=\"og:image:type\" content=\"image\/jpeg\" \/>\n<meta name=\"author\" content=\"Orus Logistics\" \/>\n<meta name=\"twitter:card\" content=\"summary_large_image\" \/>\n<meta name=\"twitter:label1\" content=\"\u00c9crit par\" \/>\n\t<meta name=\"twitter:data1\" content=\"Orus Logistics\" \/>\n\t<meta name=\"twitter:label2\" content=\"Dur\u00e9e de lecture estim\u00e9e\" \/>\n\t<meta name=\"twitter:data2\" content=\"10 minutes\" \/>\n<script type=\"application\/ld+json\" class=\"yoast-schema-graph\">{\"@context\":\"https:\\\/\\\/schema.org\",\"@graph\":[{\"@type\":\"Article\",\"@id\":\"https:\\\/\\\/oruslogistics.es\\\/fr\\\/25e-forum-national-du-transport-aecoc-2026\\\/#article\",\"isPartOf\":{\"@id\":\"https:\\\/\\\/oruslogistics.es\\\/fr\\\/25e-forum-national-du-transport-aecoc-2026\\\/\"},\"author\":{\"name\":\"Orus Logistics\",\"@id\":\"https:\\\/\\\/oruslogistics.es\\\/fr\\\/#\\\/schema\\\/person\\\/0e444e71e7d5bda0697ede10436ceeb2\"},\"headline\":\"25e Forum National du Transport AECOC 2026\",\"datePublished\":\"2026-03-09T19:19:52+00:00\",\"dateModified\":\"2026-03-09T19:43:04+00:00\",\"mainEntityOfPage\":{\"@id\":\"https:\\\/\\\/oruslogistics.es\\\/fr\\\/25e-forum-national-du-transport-aecoc-2026\\\/\"},\"wordCount\":2024,\"commentCount\":0,\"publisher\":{\"@id\":\"https:\\\/\\\/oruslogistics.es\\\/fr\\\/#organization\"},\"image\":{\"@id\":\"https:\\\/\\\/oruslogistics.es\\\/fr\\\/25e-forum-national-du-transport-aecoc-2026\\\/#primaryimage\"},\"thumbnailUrl\":\"https:\\\/\\\/oruslogistics.es\\\/wp-content\\\/uploads\\\/2026\\\/03\\\/red-tanker-truck-wet-road-sunset.jpg\",\"keywords\":[\"actualit\u00e9s\",\"logistique\"],\"articleSection\":[\"Secteur professionnel\"],\"inLanguage\":\"fr-FR\",\"potentialAction\":[{\"@type\":\"CommentAction\",\"name\":\"Comment\",\"target\":[\"https:\\\/\\\/oruslogistics.es\\\/fr\\\/25e-forum-national-du-transport-aecoc-2026\\\/#respond\"]}]},{\"@type\":\"WebPage\",\"@id\":\"https:\\\/\\\/oruslogistics.es\\\/fr\\\/25e-forum-national-du-transport-aecoc-2026\\\/\",\"url\":\"https:\\\/\\\/oruslogistics.es\\\/fr\\\/25e-forum-national-du-transport-aecoc-2026\\\/\",\"name\":\"25e Forum National du Transport AECOC 2026 - Orus logistics\",\"isPartOf\":{\"@id\":\"https:\\\/\\\/oruslogistics.es\\\/fr\\\/#website\"},\"primaryImageOfPage\":{\"@id\":\"https:\\\/\\\/oruslogistics.es\\\/fr\\\/25e-forum-national-du-transport-aecoc-2026\\\/#primaryimage\"},\"image\":{\"@id\":\"https:\\\/\\\/oruslogistics.es\\\/fr\\\/25e-forum-national-du-transport-aecoc-2026\\\/#primaryimage\"},\"thumbnailUrl\":\"https:\\\/\\\/oruslogistics.es\\\/wp-content\\\/uploads\\\/2026\\\/03\\\/red-tanker-truck-wet-road-sunset.jpg\",\"datePublished\":\"2026-03-09T19:19:52+00:00\",\"dateModified\":\"2026-03-09T19:43:04+00:00\",\"description\":\"D\u00e9couvrez le 25e Forum National du Transport AECOC 2026 : date, programme, intervenants et cl\u00e9s du d\u00e9fi num\u00e9rique du secteur du transport.\",\"breadcrumb\":{\"@id\":\"https:\\\/\\\/oruslogistics.es\\\/fr\\\/25e-forum-national-du-transport-aecoc-2026\\\/#breadcrumb\"},\"inLanguage\":\"fr-FR\",\"potentialAction\":[{\"@type\":\"ReadAction\",\"target\":[\"https:\\\/\\\/oruslogistics.es\\\/fr\\\/25e-forum-national-du-transport-aecoc-2026\\\/\"]}]},{\"@type\":\"ImageObject\",\"inLanguage\":\"fr-FR\",\"@id\":\"https:\\\/\\\/oruslogistics.es\\\/fr\\\/25e-forum-national-du-transport-aecoc-2026\\\/#primaryimage\",\"url\":\"https:\\\/\\\/oruslogistics.es\\\/wp-content\\\/uploads\\\/2026\\\/03\\\/red-tanker-truck-wet-road-sunset.jpg\",\"contentUrl\":\"https:\\\/\\\/oruslogistics.es\\\/wp-content\\\/uploads\\\/2026\\\/03\\\/red-tanker-truck-wet-road-sunset.jpg\",\"width\":1536,\"height\":1024,\"caption\":\"25e Forum National du Transport AECOC 2026:\"},{\"@type\":\"BreadcrumbList\",\"@id\":\"https:\\\/\\\/oruslogistics.es\\\/fr\\\/25e-forum-national-du-transport-aecoc-2026\\\/#breadcrumb\",\"itemListElement\":[{\"@type\":\"ListItem\",\"position\":1,\"name\":\"Portada\",\"item\":\"https:\\\/\\\/oruslogistics.es\\\/fr\\\/\"},{\"@type\":\"ListItem\",\"position\":2,\"name\":\"25e Forum National du Transport AECOC 2026\"}]},{\"@type\":\"WebSite\",\"@id\":\"https:\\\/\\\/oruslogistics.es\\\/fr\\\/#website\",\"url\":\"https:\\\/\\\/oruslogistics.es\\\/fr\\\/\",\"name\":\"Orus logistics\",\"description\":\"\",\"publisher\":{\"@id\":\"https:\\\/\\\/oruslogistics.es\\\/fr\\\/#organization\"},\"potentialAction\":[{\"@type\":\"SearchAction\",\"target\":{\"@type\":\"EntryPoint\",\"urlTemplate\":\"https:\\\/\\\/oruslogistics.es\\\/fr\\\/?s={search_term_string}\"},\"query-input\":{\"@type\":\"PropertyValueSpecification\",\"valueRequired\":true,\"valueName\":\"search_term_string\"}}],\"inLanguage\":\"fr-FR\"},{\"@type\":\"Organization\",\"@id\":\"https:\\\/\\\/oruslogistics.es\\\/fr\\\/#organization\",\"name\":\"Orus logistics\",\"url\":\"https:\\\/\\\/oruslogistics.es\\\/fr\\\/\",\"logo\":{\"@type\":\"ImageObject\",\"inLanguage\":\"fr-FR\",\"@id\":\"https:\\\/\\\/oruslogistics.es\\\/fr\\\/#\\\/schema\\\/logo\\\/image\\\/\",\"url\":\"https:\\\/\\\/oruslogistics.es\\\/wp-content\\\/uploads\\\/2025\\\/07\\\/logo-1.webp\",\"contentUrl\":\"https:\\\/\\\/oruslogistics.es\\\/wp-content\\\/uploads\\\/2025\\\/07\\\/logo-1.webp\",\"width\":500,\"height\":250,\"caption\":\"Orus logistics\"},\"image\":{\"@id\":\"https:\\\/\\\/oruslogistics.es\\\/fr\\\/#\\\/schema\\\/logo\\\/image\\\/\"}},{\"@type\":\"Person\",\"@id\":\"https:\\\/\\\/oruslogistics.es\\\/fr\\\/#\\\/schema\\\/person\\\/0e444e71e7d5bda0697ede10436ceeb2\",\"name\":\"Orus Logistics\",\"image\":{\"@type\":\"ImageObject\",\"inLanguage\":\"fr-FR\",\"@id\":\"https:\\\/\\\/oruslogistics.es\\\/wp-content\\\/uploads\\\/2025\\\/08\\\/orus-avatar.svg\",\"url\":\"https:\\\/\\\/oruslogistics.es\\\/wp-content\\\/uploads\\\/2025\\\/08\\\/orus-avatar.svg\",\"contentUrl\":\"https:\\\/\\\/oruslogistics.es\\\/wp-content\\\/uploads\\\/2025\\\/08\\\/orus-avatar.svg\",\"caption\":\"Orus Logistics\"},\"url\":\"https:\\\/\\\/oruslogistics.es\\\/fr\\\/author\\\/orus-logistics\\\/\"}]}<\/script>\n<!-- \/ Yoast SEO Premium plugin. -->","yoast_head_json":{"title":"25e Forum National du Transport AECOC 2026 - Orus logistics","description":"D\u00e9couvrez le 25e Forum National du Transport AECOC 2026 : date, programme, intervenants et cl\u00e9s du d\u00e9fi num\u00e9rique du secteur du transport.","robots":{"index":"index","follow":"follow","max-snippet":"max-snippet:-1","max-image-preview":"max-image-preview:large","max-video-preview":"max-video-preview:-1"},"canonical":"https:\/\/oruslogistics.es\/fr\/25e-forum-national-du-transport-aecoc-2026\/","og_locale":"fr_FR","og_type":"article","og_title":"25e Forum National du Transport AECOC 2026","og_description":"D\u00e9couvrez le 25e Forum National du Transport AECOC 2026 : date, programme, intervenants et cl\u00e9s du d\u00e9fi num\u00e9rique du secteur du transport.","og_url":"https:\/\/oruslogistics.es\/fr\/25e-forum-national-du-transport-aecoc-2026\/","og_site_name":"Orus logistics","article_published_time":"2026-03-09T19:19:52+00:00","article_modified_time":"2026-03-09T19:43:04+00:00","og_image":[{"width":1536,"height":1024,"url":"https:\/\/oruslogistics.es\/wp-content\/uploads\/2026\/03\/red-tanker-truck-wet-road-sunset.jpg","type":"image\/jpeg"}],"author":"Orus Logistics","twitter_card":"summary_large_image","twitter_misc":{"\u00c9crit par":"Orus Logistics","Dur\u00e9e de lecture estim\u00e9e":"10 minutes"},"schema":{"@context":"https:\/\/schema.org","@graph":[{"@type":"Article","@id":"https:\/\/oruslogistics.es\/fr\/25e-forum-national-du-transport-aecoc-2026\/#article","isPartOf":{"@id":"https:\/\/oruslogistics.es\/fr\/25e-forum-national-du-transport-aecoc-2026\/"},"author":{"name":"Orus Logistics","@id":"https:\/\/oruslogistics.es\/fr\/#\/schema\/person\/0e444e71e7d5bda0697ede10436ceeb2"},"headline":"25e Forum National du Transport AECOC 2026","datePublished":"2026-03-09T19:19:52+00:00","dateModified":"2026-03-09T19:43:04+00:00","mainEntityOfPage":{"@id":"https:\/\/oruslogistics.es\/fr\/25e-forum-national-du-transport-aecoc-2026\/"},"wordCount":2024,"commentCount":0,"publisher":{"@id":"https:\/\/oruslogistics.es\/fr\/#organization"},"image":{"@id":"https:\/\/oruslogistics.es\/fr\/25e-forum-national-du-transport-aecoc-2026\/#primaryimage"},"thumbnailUrl":"https:\/\/oruslogistics.es\/wp-content\/uploads\/2026\/03\/red-tanker-truck-wet-road-sunset.jpg","keywords":["actualit\u00e9s","logistique"],"articleSection":["Secteur professionnel"],"inLanguage":"fr-FR","potentialAction":[{"@type":"CommentAction","name":"Comment","target":["https:\/\/oruslogistics.es\/fr\/25e-forum-national-du-transport-aecoc-2026\/#respond"]}]},{"@type":"WebPage","@id":"https:\/\/oruslogistics.es\/fr\/25e-forum-national-du-transport-aecoc-2026\/","url":"https:\/\/oruslogistics.es\/fr\/25e-forum-national-du-transport-aecoc-2026\/","name":"25e Forum National du Transport AECOC 2026 - Orus logistics","isPartOf":{"@id":"https:\/\/oruslogistics.es\/fr\/#website"},"primaryImageOfPage":{"@id":"https:\/\/oruslogistics.es\/fr\/25e-forum-national-du-transport-aecoc-2026\/#primaryimage"},"image":{"@id":"https:\/\/oruslogistics.es\/fr\/25e-forum-national-du-transport-aecoc-2026\/#primaryimage"},"thumbnailUrl":"https:\/\/oruslogistics.es\/wp-content\/uploads\/2026\/03\/red-tanker-truck-wet-road-sunset.jpg","datePublished":"2026-03-09T19:19:52+00:00","dateModified":"2026-03-09T19:43:04+00:00","description":"D\u00e9couvrez le 25e Forum National du Transport AECOC 2026 : date, programme, intervenants et cl\u00e9s du d\u00e9fi num\u00e9rique du secteur du transport.","breadcrumb":{"@id":"https:\/\/oruslogistics.es\/fr\/25e-forum-national-du-transport-aecoc-2026\/#breadcrumb"},"inLanguage":"fr-FR","potentialAction":[{"@type":"ReadAction","target":["https:\/\/oruslogistics.es\/fr\/25e-forum-national-du-transport-aecoc-2026\/"]}]},{"@type":"ImageObject","inLanguage":"fr-FR","@id":"https:\/\/oruslogistics.es\/fr\/25e-forum-national-du-transport-aecoc-2026\/#primaryimage","url":"https:\/\/oruslogistics.es\/wp-content\/uploads\/2026\/03\/red-tanker-truck-wet-road-sunset.jpg","contentUrl":"https:\/\/oruslogistics.es\/wp-content\/uploads\/2026\/03\/red-tanker-truck-wet-road-sunset.jpg","width":1536,"height":1024,"caption":"25e Forum National du Transport AECOC 2026:"},{"@type":"BreadcrumbList","@id":"https:\/\/oruslogistics.es\/fr\/25e-forum-national-du-transport-aecoc-2026\/#breadcrumb","itemListElement":[{"@type":"ListItem","position":1,"name":"Portada","item":"https:\/\/oruslogistics.es\/fr\/"},{"@type":"ListItem","position":2,"name":"25e Forum National du Transport AECOC 2026"}]},{"@type":"WebSite","@id":"https:\/\/oruslogistics.es\/fr\/#website","url":"https:\/\/oruslogistics.es\/fr\/","name":"Orus logistics","description":"","publisher":{"@id":"https:\/\/oruslogistics.es\/fr\/#organization"},"potentialAction":[{"@type":"SearchAction","target":{"@type":"EntryPoint","urlTemplate":"https:\/\/oruslogistics.es\/fr\/?s={search_term_string}"},"query-input":{"@type":"PropertyValueSpecification","valueRequired":true,"valueName":"search_term_string"}}],"inLanguage":"fr-FR"},{"@type":"Organization","@id":"https:\/\/oruslogistics.es\/fr\/#organization","name":"Orus logistics","url":"https:\/\/oruslogistics.es\/fr\/","logo":{"@type":"ImageObject","inLanguage":"fr-FR","@id":"https:\/\/oruslogistics.es\/fr\/#\/schema\/logo\/image\/","url":"https:\/\/oruslogistics.es\/wp-content\/uploads\/2025\/07\/logo-1.webp","contentUrl":"https:\/\/oruslogistics.es\/wp-content\/uploads\/2025\/07\/logo-1.webp","width":500,"height":250,"caption":"Orus logistics"},"image":{"@id":"https:\/\/oruslogistics.es\/fr\/#\/schema\/logo\/image\/"}},{"@type":"Person","@id":"https:\/\/oruslogistics.es\/fr\/#\/schema\/person\/0e444e71e7d5bda0697ede10436ceeb2","name":"Orus Logistics","image":{"@type":"ImageObject","inLanguage":"fr-FR","@id":"https:\/\/oruslogistics.es\/wp-content\/uploads\/2025\/08\/orus-avatar.svg","url":"https:\/\/oruslogistics.es\/wp-content\/uploads\/2025\/08\/orus-avatar.svg","contentUrl":"https:\/\/oruslogistics.es\/wp-content\/uploads\/2025\/08\/orus-avatar.svg","caption":"Orus Logistics"},"url":"https:\/\/oruslogistics.es\/fr\/author\/orus-logistics\/"}]}},"_links":{"self":[{"href":"https:\/\/oruslogistics.es\/fr\/wp-json\/wp\/v2\/posts\/2329","targetHints":{"allow":["GET"]}}],"collection":[{"href":"https:\/\/oruslogistics.es\/fr\/wp-json\/wp\/v2\/posts"}],"about":[{"href":"https:\/\/oruslogistics.es\/fr\/wp-json\/wp\/v2\/types\/post"}],"author":[{"embeddable":true,"href":"https:\/\/oruslogistics.es\/fr\/wp-json\/wp\/v2\/users\/3"}],"replies":[{"embeddable":true,"href":"https:\/\/oruslogistics.es\/fr\/wp-json\/wp\/v2\/comments?post=2329"}],"version-history":[{"count":2,"href":"https:\/\/oruslogistics.es\/fr\/wp-json\/wp\/v2\/posts\/2329\/revisions"}],"predecessor-version":[{"id":2332,"href":"https:\/\/oruslogistics.es\/fr\/wp-json\/wp\/v2\/posts\/2329\/revisions\/2332"}],"wp:featuredmedia":[{"embeddable":true,"href":"https:\/\/oruslogistics.es\/fr\/wp-json\/wp\/v2\/media\/2328"}],"wp:attachment":[{"href":"https:\/\/oruslogistics.es\/fr\/wp-json\/wp\/v2\/media?parent=2329"}],"wp:term":[{"taxonomy":"category","embeddable":true,"href":"https:\/\/oruslogistics.es\/fr\/wp-json\/wp\/v2\/categories?post=2329"},{"taxonomy":"post_tag","embeddable":true,"href":"https:\/\/oruslogistics.es\/fr\/wp-json\/wp\/v2\/tags?post=2329"}],"curies":[{"name":"wp","href":"https:\/\/api.w.org\/{rel}","templated":true}]}}