{"id":2324,"date":"2026-03-09T20:19:52","date_gmt":"2026-03-09T19:19:52","guid":{"rendered":"https:\/\/oruslogistics.es\/25th-aecoc-national-transport-forum-2026\/"},"modified":"2026-03-09T20:34:32","modified_gmt":"2026-03-09T19:34:32","slug":"25th-aecoc-national-transport-forum-2026","status":"publish","type":"post","link":"https:\/\/oruslogistics.es\/en\/25th-aecoc-national-transport-forum-2026\/","title":{"rendered":"25th AECOC National Transport Forum 2026"},"content":{"rendered":"[vc_row type=&#8221;in_container&#8221; full_screen_row_position=&#8221;middle&#8221; column_margin=&#8221;default&#8221; column_direction=&#8221;default&#8221; column_direction_tablet=&#8221;default&#8221; column_direction_phone=&#8221;default&#8221; scene_position=&#8221;center&#8221; text_color=&#8221;dark&#8221; text_align=&#8221;left&#8221; row_border_radius=&#8221;none&#8221; row_border_radius_applies=&#8221;bg&#8221; overflow=&#8221;visible&#8221; overlay_strength=&#8221;0.3&#8243; gradient_direction=&#8221;left_to_right&#8221; shape_divider_position=&#8221;bottom&#8221; bg_image_animation=&#8221;none&#8221;][vc_column column_padding=&#8221;no-extra-padding&#8221; column_padding_tablet=&#8221;inherit&#8221; column_padding_phone=&#8221;inherit&#8221; column_padding_position=&#8221;all&#8221; column_element_direction_desktop=&#8221;default&#8221; column_element_spacing=&#8221;default&#8221; desktop_text_alignment=&#8221;default&#8221; tablet_text_alignment=&#8221;default&#8221; phone_text_alignment=&#8221;default&#8221; background_color_opacity=&#8221;1&#8243; background_hover_color_opacity=&#8221;1&#8243; column_backdrop_filter=&#8221;none&#8221; column_shadow=&#8221;none&#8221; column_border_radius=&#8221;none&#8221; column_link_target=&#8221;_self&#8221; column_position=&#8221;default&#8221; gradient_direction=&#8221;left_to_right&#8221; overlay_strength=&#8221;0.3&#8243; width=&#8221;1\/1&#8243; tablet_width_inherit=&#8221;default&#8221; animation_type=&#8221;default&#8221; bg_image_animation=&#8221;none&#8221; border_type=&#8221;simple&#8221; column_border_width=&#8221;none&#8221; column_border_style=&#8221;solid&#8221;][vc_column_text css=&#8221;&#8221; text_direction=&#8221;default&#8221;]\n<p class=\"p1\">The <b>AECOC National Transport Forum<\/b> is celebrating its <a href=\"https:\/\/www.aecoc.es\/minisite\/foro-nacional-del-transporte\/\" target=\"_blank\" rel=\"noopener\">25th edition<\/a> this year and will once again bring together in Madrid many of the professionals driving transport and logistics in Spain. The event, organized by <span class=\"s1\"><b>AECOC<\/b><\/span>, is scheduled for <span class=\"s1\"><b>March 12, 2026<\/b><\/span> and is presented as a meeting point for manufacturers, distributors, transport companies, logistics operators, technology providers, industry associations, and Public Administrations.<\/p>\n<p><\/p>\n<p class=\"p1\">This is not just another event on the sector\u2019s calendar. AECOC defines it as a space to anticipate trends, compare perspectives, and move forward on a shared agenda around several areas that are already shaping the present of transport: sustainability, competitiveness, talent, and digital transformation.<\/p>\n<h2><b>What is the AECOC National Transport Forum<\/b><\/h2>\n<p><\/p>\n<p class=\"p3\">According to the organization itself, the <b>AECOC National Transport Forum<\/b> has established itself over these 25 years as one of the benchmark events for the transport and logistics value chain. In this edition, beyond networking, the agenda focuses on issues closely tied to the sector\u2019s reality, from regulatory pressure to the shortage of drivers and the impact of new technologies.<span class=\"Apple-converted-space\">  <\/span><\/p>\n<p><\/p>\n<p class=\"p3\">AECOC also states that the forum is aimed especially at logistics and transport directors and managers, both from transport companies and from companies that use transport services, as well as authorities and profiles linked to public administration.<\/p>\n<h2><b>When and where it takes place<\/b><\/h2>\n<p><\/p>\n<p class=\"p3\">The 25th edition of the <b>AECOC National Transport Forum<\/b> will take place on <span class=\"s2\"><b>March 12, 2026, in Madrid<\/b><\/span>. The event\u2019s official website presents it as a special edition marking the forum\u2019s 25th anniversary.<\/p>\n<p>Registrations on their website <a href=\"https:\/\/www.aecoc.es\/minisite\/foro-nacional-del-transporte\/\" target=\"_blank\" rel=\"noopener\">www.aecoc.es<\/a><\/p>\n[\/vc_column_text][image_with_animation image_url=&#8221;2318&#8243; image_size=&#8221;full&#8221; max_width=&#8221;100%&#8221; max_width_mobile=&#8221;default&#8221; animation_type=&#8221;entrance&#8221; animation=&#8221;None&#8221; animation_movement_type=&#8221;transform_y&#8221; hover_animation=&#8221;none&#8221; alignment=&#8221;center&#8221; border_radius=&#8221;none&#8221; box_shadow=&#8221;none&#8221; image_loading=&#8221;default&#8221;][vc_column_text css=&#8221;&#8221; text_direction=&#8221;default&#8221;]\n<h2><b>Agenda of the AECOC National Transport Forum 2026<\/b><\/h2>\n<p><\/p>\n<p class=\"p3\">This year\u2019s agenda combines institutional insight, panel discussions, and networking spaces. The day opens with remarks by <span class=\"s2\"><b>Jos\u00e9 Mar\u00eda Bonmat\u00ed<\/b><\/span>, AECOC\u2019s Director General, and <span class=\"s2\"><b>Roc\u00edo B\u00e1guena<\/b><\/span>, Secretary General for Land Transport at the Ministry of Transport and Sustainable Mobility.<span class=\"Apple-converted-space\">  <\/span><\/p>\n<p><\/p>\n<p class=\"p3\">From there, the content moves through several of the issues currently causing the greatest concern in the sector:<\/p>\n<h3><b>1. European regulation and its local impact<\/b><\/h3>\n<p><\/p>\n<p class=\"p3\">One of the first sessions looks at how the new European and Spanish regulatory framework is redefining operating standards, environmental requirements, and mandatory digitalization processes. This discussion features <span class=\"s2\"><b>Jean-Louis Colson<\/b><\/span>, Head of Unit at the European Commission\u2019s Directorate-General for Mobility and Transport.<span class=\"Apple-converted-space\">  <\/span><\/p>\n<h3><b>2. The shortage of drivers<\/b><\/h3>\n<p><\/p>\n<p class=\"p3\">The forum also sets aside a panel for one of the issues most often raised by companies: the shortage of drivers and its impact on service capacity. It includes representatives from companies such as <span class=\"s2\"><b>DIA<\/b><\/span>, <span class=\"s2\"><b>Grupo Caliche<\/b><\/span> and <span class=\"s2\"><b>Transportes Sierra Morena<\/b><\/span>, moderated by <span class=\"s2\"><b>Alejandro Santana<\/b><\/span> of Marlex.<span class=\"Apple-converted-space\">  <\/span><\/p>\n<h3><b>3. Autonomous trucks and a changing model<\/b><\/h3>\n<p><\/p>\n<p class=\"p3\">Another highlight will be the session on autonomous trucks, presented by AECOC as a disruption that is no longer just theoretical. This block features names such as <span class=\"s2\"><b>Jaime S\u00e1nchez<\/b><\/span> (IVECO), <span class=\"s2\"><b>H\u00e9ctor Cebri\u00e1n<\/b><\/span> (SES\u00c9), <span class=\"s2\"><b>Pierre Pomper<\/b><\/span> (Einride), <span class=\"s2\"><b>Javier Mart\u00ednez<\/b><\/span> (Government of Aragon) and <span class=\"s2\"><b>Raquel Urtasun<\/b><\/span> (Waabi).<span class=\"Apple-converted-space\">  <\/span><\/p>\n<h2><b>Speakers at the AECOC National Transport Forum 2026<\/b><\/h2>\n<p><\/p>\n<p class=\"p3\">The speaker lineup brings together institutional figures, company executives, and specialists from the logistics and transport ecosystem. Among the names listed in the official program are <span class=\"s2\"><b>Roc\u00edo B\u00e1guena<\/b><\/span>, <span class=\"s2\"><b>Jean-Louis Colson<\/b><\/span>, <span class=\"s2\"><b>Alejandro Santana<\/b><\/span>, <span class=\"s2\"><b>Pedro Gallego<\/b><\/span>, <span class=\"s2\"><b>Miguel \u00c1ngel Herchiga<\/b><\/span>, <span class=\"s2\"><b>Manuel Serrano<\/b><\/span>, <span class=\"s2\"><b>Jaime S\u00e1nchez<\/b><\/span>, <span class=\"s2\"><b>H\u00e9ctor Cebri\u00e1n<\/b><\/span>, <span class=\"s2\"><b>Raquel Urtasun<\/b><\/span>, <span class=\"s2\"><b>Carolina Torres<\/b><\/span>, <span class=\"s2\"><b>Diego Alonso<\/b><\/span> and <span class=\"s2\"><b>\u00c1ngel Soret<\/b><\/span>.<span class=\"Apple-converted-space\">  <\/span><\/p>\n<p><\/p>\n<p class=\"p3\">Beyond the list itself, the interesting part is the approach: AECOC combines institutional perspective, real-world operations, and applied technology. And at a time like this, that makes a great deal of sense.<\/p>\n[\/vc_column_text][image_with_animation image_url=&#8221;2023&#8243; image_size=&#8221;full&#8221; max_width=&#8221;100%&#8221; max_width_mobile=&#8221;default&#8221; animation_type=&#8221;entrance&#8221; animation=&#8221;None&#8221; animation_movement_type=&#8221;transform_y&#8221; hover_animation=&#8221;none&#8221; alignment=&#8221;center&#8221; border_radius=&#8221;none&#8221; box_shadow=&#8221;none&#8221; image_loading=&#8221;default&#8221;][vc_column_text css=&#8221;&#8221; text_direction=&#8221;default&#8221;]\n<h2><b>The part of the agenda that matters most to the sector: October 2026 and the major digital challenge<\/b><\/h2>\n<p><\/p>\n<p class=\"p3\">If there is one part of the agenda that deserves special attention, it is the panel discussion titled <span class=\"s2\"><b>\u201cOctober 2026: the sector facing its biggest digital challenge\u201d<\/b><\/span>. AECOC frames it very clearly: <span class=\"s2\"><b>Law 9\/2025 on Sustainable Mobility<\/b><\/span> establishes that the administrative control document required for public road freight transport must be digital ten months after the law enters into force. Since the law was published on <span class=\"s2\"><b>December 3, 2025<\/b><\/span>, that mandatory change puts the focus on <span class=\"s2\"><b>October 2026<\/b><\/span>.<span class=\"Apple-converted-space\">  <\/span><\/p>\n<p><\/p>\n<p class=\"p3\">The description of this panel itself already hints at the nature of the challenge: it is not just about replacing paper with screens. It involves reviewing processes, integrating systems, ensuring interoperability, and moving toward data-driven operations\u2014something especially sensitive in a sector with different levels of technological maturity and significant business fragmentation.<span class=\"Apple-converted-space\">  <\/span><\/p>\n<p><\/p>\n<p class=\"p3\">This session will feature <span class=\"s2\"><b>Carolina Torres<\/b><\/span>, Director of Logistics Execution Europe at CHEP; <span class=\"s2\"><b>Diego Alonso<\/b><\/span>, Director of Operations and Business Development at Eurolefesa; and <span class=\"s2\"><b>\u00c1ngel Soret<\/b><\/span>, Deputy Director General for Road and Rail Transport Inspection at the Ministry of Transport and Sustainable Mobility.<span class=\"Apple-converted-space\">  <\/span><\/p>\n<h2><b>What this digital challenge really means for carriers, shippers, and operators<\/b><\/h2>\n<p><\/p>\n<p class=\"p3\">The conversation that will take place at the <strong>AECOC National Transport Forum<\/strong> directly connects with something many companies are already dealing with: the need to prepare their operations for mandatory digital documentation. Spain\u2019s Official State Gazette (BOE) expressly includes the digitization of the control document, and the Ministry\u2019s electronic headquarters already includes procedures related to the <span class=\"s2\"><b>digital control document<\/b><\/span>, such as document submission or domain registration for electronic control document platforms.<span class=\"Apple-converted-space\">  <\/span><\/p>\n<p><\/p>\n<p class=\"p3\">Put simply: this does not look like a distant trend or something to consider \u201clater on.\u201d It is a real regulatory change, with a defined timeline, that will require both technological and operational adaptation.<span class=\"Apple-converted-space\">  <\/span><\/p>\n<h2><b>What role Orus Logistics plays here<\/b><\/h2>\n<p><\/p>\n<p class=\"p3\">From the perspective of <a href=\"https:\/\/oruslogistics.es\/en\/\"><span class=\"s2\"><b>Orus Logistics<\/b><\/span><\/a>, this part of the agenda is not just a side note within the event. It is a clear sign of where the sector is heading. The obligation to work with digital documentation, together with the need to streamline processes, improve traceability, and facilitate communication between all the actors in the chain, directly matches what many companies will need in the coming months. The legal framework has already been published, and AECOC\u2019s program itself confirms that this will be one of the year\u2019s central discussions.<span class=\"Apple-converted-space\">  <\/span><\/p>\n<p><\/p>\n<p class=\"p3\">That is why, beyond closely following what is shared in this panel, at Orus we are clear that this challenge should not translate into more complications for professionals. The digitization of the control document and other related processes must be solved in a practical, simple, and manageable way for companies of different sizes.<\/p>\n<h2><b>A reminder worth keeping in mind<\/b><\/h2>\n<p><\/p>\n<p class=\"p3\">October 2026 may seem far away until you look at the amount of work ahead: reviewing workflows, defining responsibilities, connecting data, securing access, organizing evidence, and making sure a legal obligation does not turn into a daily operational problem. That is likely the core of the discussion AECOC wants to bring to the table in this edition of the <strong>AECOC National Transport Forum<\/strong>.<span class=\"Apple-converted-space\">  <\/span><\/p>\n<p><\/p>\n<p class=\"p3\">And that is precisely where, at <span class=\"s2\"><b>Orus Logistics<\/b><\/span>, we want to add value: helping make that transition easy and affordable to manage, without adding unnecessary friction to day-to-day work.<\/p>\n[\/vc_column_text][vc_column_text css=&#8221;&#8221; text_direction=&#8221;default&#8221;]\n<h2><b>Do you want to be among the first to try it for free?<\/b><\/h2>\n<p><\/p>\n<p class=\"p3\">If you are closely following everything related to the <strong>National Transport Forum<\/strong>, <span class=\"s2\"><b>AECOC<\/b><\/span>, and the new digital landscape opening up for the sector, you can leave us your details in the form and we will notify you so you can be among the first to try Orus Logistics\u2019 solution for this new need, free of charge.<\/p>\n<p><\/p>\n<p class=\"p3\">Because adapting in time is always better than scrambling when the deadline is already here.<\/p>\n[\/vc_column_text][\/vc_column][\/vc_row][vc_row type=&#8221;in_container&#8221; full_screen_row_position=&#8221;middle&#8221; column_margin=&#8221;default&#8221; column_direction=&#8221;default&#8221; column_direction_tablet=&#8221;default&#8221; column_direction_phone=&#8221;default&#8221; bg_color=&#8221;#EAEAEA&#8221; scene_position=&#8221;center&#8221; top_padding=&#8221;4%&#8221; bottom_padding=&#8221;4%&#8221; left_padding_desktop=&#8221;4%&#8221; right_padding_desktop=&#8221;4%&#8221; top_padding_phone=&#8221;15%&#8221; bottom_padding_phone=&#8221;15%&#8221; text_color=&#8221;dark&#8221; text_align=&#8221;left&#8221; row_border_radius=&#8221;20px&#8221; row_border_radius_applies=&#8221;bg&#8221; overflow=&#8221;visible&#8221; overlay_strength=&#8221;0.3&#8243; gradient_direction=&#8221;left_to_right&#8221; shape_divider_position=&#8221;bottom&#8221; bg_image_animation=&#8221;none&#8221; gradient_type=&#8221;default&#8221; shape_type=&#8221;&#8221;][vc_column column_padding=&#8221;no-extra-padding&#8221; column_padding_tablet=&#8221;inherit&#8221; column_padding_phone=&#8221;inherit&#8221; column_padding_position=&#8221;all&#8221; column_element_direction_desktop=&#8221;default&#8221; column_element_spacing=&#8221;default&#8221; centered_text=&#8221;true&#8221; desktop_text_alignment=&#8221;default&#8221; tablet_text_alignment=&#8221;default&#8221; phone_text_alignment=&#8221;default&#8221; background_color_opacity=&#8221;1&#8243; background_hover_color_opacity=&#8221;1&#8243; column_backdrop_filter=&#8221;none&#8221; column_shadow=&#8221;none&#8221; column_border_radius=&#8221;none&#8221; column_link_target=&#8221;_self&#8221; column_position=&#8221;default&#8221; gradient_direction=&#8221;left_to_right&#8221; overlay_strength=&#8221;0.3&#8243; width=&#8221;1\/1&#8243; tablet_width_inherit=&#8221;default&#8221; animation_type=&#8221;default&#8221; bg_image_animation=&#8221;none&#8221; border_type=&#8221;simple&#8221; column_border_width=&#8221;none&#8221; column_border_style=&#8221;solid&#8221; column_padding_type=&#8221;default&#8221; gradient_type=&#8221;default&#8221;][vc_column_text css=&#8221;&#8221; text_direction=&#8221;default&#8221;]\n<h3 class=\"p3\" style=\"text-align: center;\">Do you want to try creating the digital DCA?<\/h3>\n<p><\/p>\n<p class=\"p3\" style=\"text-align: center;\">Request your exclusive access to the trial.<\/p>\n<p><\/p>\n<p style=\"text-align: center;\"> <noscript class=\"ninja-forms-noscript-message\">\n\tNotice: JavaScript is required for this content.<\/noscript>\n<style>\n\n        \/* FIELDS STYLES *\/\n    \n        .nf-form-content .nf-field-container #nf-field-43-wrap .nf-field-element .ninja-forms-field {\n                                    background-color:#ffffff;\n                    }\n        .nf-form-content .nf-field-container #nf-field-44-wrap .nf-field-element .ninja-forms-field {\n                                    background-color:#ffffff;\n                    }\n    <\/style><div id=\"nf-form-7-cont\" class=\"nf-form-cont\" aria-live=\"polite\" aria-labelledby=\"nf-form-title-7\" aria-describedby=\"nf-form-errors-7\" role=\"form\">\n\n    <div class=\"nf-loading-spinner\"><\/div>\n\n<\/div>\n        <!-- That data is being printed as a workaround to page builders reordering the order of the scripts loaded-->\n        <script>var formDisplay=1;var nfForms=nfForms||[];var form=[];form.id='7';form.settings={\"objectType\":\"Form Setting\",\"editActive\":true,\"title\":\"Solicitud DCA EN\",\"created_at\":\"2026-02-03 20:10:51\",\"default_label_pos\":\"above\",\"show_title\":\"0\",\"clear_complete\":\"1\",\"hide_complete\":\"1\",\"logged_in\":\"\",\"wrapper_class\":\"\",\"element_class\":\"\",\"form_title_heading_level\":\"3\",\"key\":\"\",\"add_submit\":\"0\",\"changeEmailErrorMsg\":\"Please enter a valid email address!\",\"changeDateErrorMsg\":\"Please enter a valid date!\",\"confirmFieldErrorMsg\":\"These fields must match!\",\"fieldNumberNumMinError\":\"Number Min Error\",\"fieldNumberNumMaxError\":\"Number Max Error\",\"fieldNumberIncrementBy\":\"Please increment by \",\"formErrorsCorrectErrors\":\"Please correct errors before submitting this form.\",\"validateRequiredField\":\"This is a required field.\",\"honeypotHoneypotError\":\"Honeypot Error\",\"fieldsMarkedRequired\":\"Fields marked with an <span class=\\\"ninja-forms-req-symbol\\\">*<\\\/span> are required\",\"currency\":\"\",\"unique_field_error\":\"Ya se ha enviado un formulario con este valor.\",\"not_logged_in_msg\":\"\",\"sub_limit_msg\":\"Has alcanzado el l\\u00edmite de env\\u00edos en el formulario.\",\"calculations\":[],\"container_styles_show_advanced_css\":\"0\",\"title_styles_show_advanced_css\":\"0\",\"row_styles_show_advanced_css\":\"0\",\"row-odd_styles_show_advanced_css\":\"0\",\"success-msg_styles_show_advanced_css\":\"0\",\"error_msg_styles_show_advanced_css\":\"0\",\"formContentData\":[{\"order\":1,\"cells\":[{\"order\":0,\"fields\":[\"name_1770145938510\"],\"width\":\"100\"}]},{\"order\":2,\"cells\":[{\"order\":0,\"fields\":[\"email_1770145944147\"],\"width\":\"100\"}]},{\"order\":3,\"cells\":[{\"order\":0,\"fields\":[\"i_have_read_and_understand_the_legal_notice_and_the_privacy_policy_and_i_agree_to_receive_commercial_communications_from_oruslogistics_es_via_email_1770146018201\"],\"width\":\"100\"}]},{\"order\":4,\"cells\":[{\"order\":0,\"fields\":[\"submit_request_1770146029262\"],\"width\":\"100\"}]}],\"objectDomain\":\"display\",\"drawerDisabled\":false,\"container_styles_border\":\"\",\"container_styles_height\":\"\",\"container_styles_margin\":\"\",\"container_styles_padding\":\"\",\"container_styles_float\":\"\",\"title_styles_border\":\"\",\"title_styles_height\":\"\",\"title_styles_width\":\"\",\"title_styles_font-size\":\"\",\"title_styles_margin\":\"\",\"title_styles_padding\":\"\",\"title_styles_float\":\"\",\"row_styles_border\":\"\",\"row_styles_width\":\"\",\"row_styles_font-size\":\"\",\"row_styles_margin\":\"\",\"row_styles_padding\":\"\",\"row-odd_styles_border\":\"\",\"row-odd_styles_height\":\"\",\"row-odd_styles_width\":\"\",\"row-odd_styles_font-size\":\"\",\"row-odd_styles_margin\":\"\",\"row-odd_styles_padding\":\"\",\"success-msg_styles_border\":\"\",\"success-msg_styles_height\":\"\",\"success-msg_styles_width\":\"\",\"success-msg_styles_font-size\":\"\",\"success-msg_styles_margin\":\"\",\"success-msg_styles_padding\":\"\",\"error_msg_styles_border\":\"\",\"error_msg_styles_width\":\"\",\"error_msg_styles_font-size\":\"\",\"error_msg_styles_margin\":\"\",\"error_msg_styles_padding\":\"\",\"conditions\":[],\"allow_public_link\":0,\"embed_form\":\"\",\"ninjaForms\":\"Ninja Forms\",\"fieldTextareaRTEInsertLink\":\"Insert Link\",\"fieldTextareaRTEInsertMedia\":\"Insert Media\",\"fieldTextareaRTESelectAFile\":\"Select a file\",\"formHoneypot\":\"If you are a human seeing this field, please leave it empty.\",\"fileUploadOldCodeFileUploadInProgress\":\"File Upload in Progress.\",\"fileUploadOldCodeFileUpload\":\"FILE UPLOAD\",\"currencySymbol\":false,\"thousands_sep\":\",\",\"decimal_point\":\".\",\"siteLocale\":\"en_US\",\"dateFormat\":\"m\\\/d\\\/Y\",\"startOfWeek\":\"1\",\"of\":\"of\",\"previousMonth\":\"Previous Month\",\"nextMonth\":\"Next Month\",\"months\":[\"January\",\"February\",\"March\",\"April\",\"May\",\"June\",\"July\",\"August\",\"September\",\"October\",\"November\",\"December\"],\"monthsShort\":[\"Jan\",\"Feb\",\"Mar\",\"Apr\",\"May\",\"Jun\",\"Jul\",\"Aug\",\"Sep\",\"Oct\",\"Nov\",\"Dec\"],\"weekdays\":[\"Sunday\",\"Monday\",\"Tuesday\",\"Wednesday\",\"Thursday\",\"Friday\",\"Saturday\"],\"weekdaysShort\":[\"Sun\",\"Mon\",\"Tue\",\"Wed\",\"Thu\",\"Fri\",\"Sat\"],\"weekdaysMin\":[\"Su\",\"Mo\",\"Tu\",\"We\",\"Th\",\"Fr\",\"Sa\"],\"recaptchaConsentMissing\":\"reCaptcha validation couldn&#039;t load.\",\"recaptchaMissingCookie\":\"reCaptcha v3 validation couldn&#039;t load the cookie needed to submit the form.\",\"recaptchaConsentEvent\":\"Accept reCaptcha cookies before sending the form.\",\"currency_symbol\":\"\",\"beforeForm\":\"\",\"beforeFields\":\"\",\"afterFields\":\"\",\"afterForm\":\"\"};form.fields=[{\"objectType\":\"Field\",\"objectDomain\":\"fields\",\"editActive\":false,\"order\":1,\"idAttribute\":\"id\",\"label\":\"Name\",\"type\":\"firstname\",\"key\":\"name_1770145938510\",\"label_pos\":\"above\",\"required\":1,\"default\":\"\",\"placeholder\":\"\",\"container_class\":\"\",\"element_class\":\"\",\"admin_label\":\"\",\"help_text\":\"\",\"custom_name_attribute\":\"fname\",\"personally_identifiable\":1,\"wrap_styles_border\":\"\",\"wrap_styles_width\":\"\",\"wrap_styles_margin\":\"\",\"wrap_styles_padding\":\"\",\"wrap_styles_float\":\"\",\"wrap_styles_show_advanced_css\":0,\"label_styles_border\":\"\",\"label_styles_width\":\"\",\"label_styles_font-size\":\"\",\"label_styles_margin\":\"\",\"label_styles_padding\":\"\",\"label_styles_float\":\"\",\"label_styles_show_advanced_css\":0,\"element_styles_border\":\"\",\"element_styles_width\":\"\",\"element_styles_font-size\":\"\",\"element_styles_margin\":\"\",\"element_styles_padding\":\"\",\"element_styles_float\":\"\",\"element_styles_show_advanced_css\":0,\"cellcid\":\"c3638\",\"value\":\"\",\"wrap_styles_background-color\":\"\",\"drawerDisabled\":\"\",\"element_styles_background-color\":\"#ffffff\",\"field_label\":\"Nombre\",\"field_key\":\"firstname_1769717058927\",\"id\":43,\"beforeField\":\"\",\"afterField\":\"\",\"parentType\":\"firstname\",\"element_templates\":[\"firstname\",\"input\"],\"old_classname\":\"\",\"wrap_template\":\"wrap\"},{\"objectType\":\"Field\",\"objectDomain\":\"fields\",\"editActive\":false,\"order\":2,\"idAttribute\":\"id\",\"label\":\"Email\",\"type\":\"email\",\"key\":\"email_1770145944147\",\"label_pos\":\"above\",\"required\":1,\"default\":\"\",\"placeholder\":\"\",\"container_class\":\"\",\"element_class\":\"\",\"admin_label\":\"\",\"help_text\":\"\",\"custom_name_attribute\":\"email\",\"personally_identifiable\":1,\"wrap_styles_border\":\"\",\"wrap_styles_width\":\"\",\"wrap_styles_margin\":\"\",\"wrap_styles_padding\":\"\",\"wrap_styles_float\":\"\",\"wrap_styles_show_advanced_css\":0,\"label_styles_border\":\"\",\"label_styles_width\":\"\",\"label_styles_font-size\":\"\",\"label_styles_margin\":\"\",\"label_styles_padding\":\"\",\"label_styles_float\":\"\",\"label_styles_show_advanced_css\":0,\"element_styles_border\":\"\",\"element_styles_width\":\"\",\"element_styles_font-size\":\"\",\"element_styles_margin\":\"\",\"element_styles_padding\":\"\",\"element_styles_float\":\"\",\"element_styles_show_advanced_css\":0,\"cellcid\":\"c3642\",\"value\":\"\",\"wrap_styles_background-color\":\"\",\"drawerDisabled\":\"\",\"label_styles_background-color\":\"\",\"element_styles_background-color\":\"#ffffff\",\"field_label\":\"Correo electr\\u00f3nico\",\"field_key\":\"email_1769717067256\",\"id\":44,\"beforeField\":\"\",\"afterField\":\"\",\"parentType\":\"email\",\"element_templates\":[\"email\",\"input\"],\"old_classname\":\"\",\"wrap_template\":\"wrap\"},{\"objectType\":\"Field\",\"objectDomain\":\"fields\",\"editActive\":false,\"order\":3,\"idAttribute\":\"id\",\"label\":\"I have read and understand the Legal Notice and the Privacy Policy, and I agree to receive commercial communications from oruslogistics.es via email.\",\"type\":\"checkbox\",\"key\":\"i_have_read_and_understand_the_legal_notice_and_the_privacy_policy_and_i_agree_to_receive_commercial_communications_from_oruslogistics_es_via_email_1770146018201\",\"label_pos\":\"right\",\"required\":1,\"container_class\":\"\",\"element_class\":\"\",\"manual_key\":\"\",\"admin_label\":\"\",\"help_text\":\"<p><br><\\\/p>\",\"desc_text\":\"<p><br><\\\/p>\",\"default_value\":\"checked\",\"checked_value\":\"Marcado\",\"unchecked_value\":\"Desmarcado\",\"checked_calc_value\":\"\",\"unchecked_calc_value\":\"\",\"wrap_styles_border\":\"\",\"wrap_styles_width\":\"\",\"wrap_styles_margin\":\"\",\"wrap_styles_padding\":\"\",\"wrap_styles_float\":\"\",\"wrap_styles_show_advanced_css\":0,\"label_styles_border\":\"\",\"label_styles_width\":\"\",\"label_styles_font-size\":\"\",\"label_styles_margin\":\"\",\"label_styles_padding\":\"\",\"label_styles_float\":\"\",\"label_styles_show_advanced_css\":0,\"element_styles_border\":\"\",\"element_styles_width\":\"\",\"element_styles_font-size\":\"\",\"element_styles_margin\":\"\",\"element_styles_padding\":\"\",\"element_styles_float\":\"\",\"element_styles_show_advanced_css\":0,\"cellcid\":\"c3645\",\"drawerDisabled\":\"\",\"field_label\":\"He le\\u00eddo y entiendo el Aviso Legal y la Pol\\u00edtica de Privacidad, y acepto recibir comunicaciones comerciales de oruslogistics.es a trav\\u00e9s de email.\",\"field_key\":\"he_leido_y_entiendo_el_aviso_legal_y_la_politica_de_privacidad_y_acepto_recibir_comunicaciones_comerciales_de_oruslogistics_es_a_traves_de_email_1769717642293\",\"id\":45,\"beforeField\":\"\",\"afterField\":\"\",\"value\":\"\",\"parentType\":\"checkbox\",\"element_templates\":[\"checkbox\",\"input\"],\"old_classname\":\"\",\"wrap_template\":\"wrap\"},{\"objectType\":\"Field\",\"objectDomain\":\"fields\",\"editActive\":false,\"order\":4,\"idAttribute\":\"id\",\"label\":\"Submit request\",\"type\":\"submit\",\"processing_label\":\"Processing\",\"container_class\":\"\",\"element_class\":\"\",\"key\":\"submit_request_1770146029262\",\"admin_label\":\"\",\"wrap_styles_border\":\"\",\"wrap_styles_width\":\"\",\"wrap_styles_margin\":\"\",\"wrap_styles_padding\":\"\",\"wrap_styles_float\":\"\",\"wrap_styles_show_advanced_css\":0,\"element_styles_border\":\"\",\"element_styles_width\":\"\",\"element_styles_font-size\":\"\",\"element_styles_margin\":\"\",\"element_styles_padding\":\"\",\"element_styles_float\":\"\",\"element_styles_show_advanced_css\":0,\"submit_element_hover_styles_border\":\"\",\"submit_element_hover_styles_width\":\"\",\"submit_element_hover_styles_font-size\":\"\",\"submit_element_hover_styles_margin\":\"\",\"submit_element_hover_styles_padding\":\"\",\"submit_element_hover_styles_float\":\"\",\"submit_element_hover_styles_show_advanced_css\":0,\"cellcid\":\"c3648\",\"drawerDisabled\":false,\"field_label\":\"Enviar solicitud\",\"field_key\":\"enviar_solicitud_1769717655452\",\"id\":46,\"beforeField\":\"\",\"afterField\":\"\",\"value\":\"\",\"label_pos\":\"above\",\"parentType\":\"textbox\",\"element_templates\":[\"submit\",\"button\",\"input\"],\"old_classname\":\"\",\"wrap_template\":\"wrap-no-label\"}];nfForms.push(form);<\/script>\n                <script id=\"nf-tmpl-cell\" type=\"text\/template\">\n            <nf-fields><\/nf-fields>\n        <\/script>\n\n        <script id=\"nf-tmpl-row\" type=\"text\/template\">\n            <nf-cells><\/nf-cells>\n        <\/script>\n\n        \n[\/vc_column_text][\/vc_column][\/vc_row]\n","protected":false},"excerpt":{"rendered":"<p>The 25th AECOC National Transport Forum will take place on March 12, 2026, in Madrid and will bring to the table some of the key issues set to shape the sector. We review the agenda, several of the most prominent speakers, and the debate around the digital challenge that lies ahead for freight transport.<\/p>\n","protected":false},"author":3,"featured_media":2323,"comment_status":"open","ping_status":"open","sticky":false,"template":"","format":"standard","meta":{"inline_featured_image":false,"footnotes":""},"categories":[108],"tags":[44,109],"class_list":{"0":"post-2324","1":"post","2":"type-post","3":"status-publish","4":"format-standard","5":"has-post-thumbnail","7":"category-professional-sector","8":"tag-logistics","9":"tag-news"},"yoast_head":"<!-- This site is optimized with the Yoast SEO Premium plugin v27.2 (Yoast SEO v27.4) - https:\/\/yoast.com\/product\/yoast-seo-premium-wordpress\/ -->\n<title>25th AECOC National Transport Forum 2026 - Orus logistics<\/title>\n<meta name=\"description\" content=\"Learn about the 25th AECOC National Transport Forum 2026: date, agenda, speakers, and key insights into the transport sector\u2019s digital challenge.\" \/>\n<meta name=\"robots\" content=\"index, follow, max-snippet:-1, max-image-preview:large, max-video-preview:-1\" \/>\n<link rel=\"canonical\" href=\"https:\/\/oruslogistics.es\/en\/25th-aecoc-national-transport-forum-2026\/\" \/>\n<meta property=\"og:locale\" content=\"en_US\" \/>\n<meta property=\"og:type\" content=\"article\" \/>\n<meta property=\"og:title\" content=\"25th AECOC National Transport Forum 2026\" \/>\n<meta property=\"og:description\" content=\"Learn about the 25th AECOC National Transport Forum 2026: date, agenda, speakers, and key insights into the transport sector\u2019s digital challenge.\" \/>\n<meta property=\"og:url\" content=\"https:\/\/oruslogistics.es\/en\/25th-aecoc-national-transport-forum-2026\/\" \/>\n<meta property=\"og:site_name\" content=\"Orus logistics\" \/>\n<meta property=\"article:published_time\" content=\"2026-03-09T19:19:52+00:00\" \/>\n<meta property=\"article:modified_time\" content=\"2026-03-09T19:34:32+00:00\" \/>\n<meta property=\"og:image\" content=\"https:\/\/oruslogistics.es\/wp-content\/uploads\/2026\/03\/red-tanker-truck-wet-road-sunset.jpg\" \/>\n\t<meta property=\"og:image:width\" content=\"1536\" \/>\n\t<meta property=\"og:image:height\" content=\"1024\" \/>\n\t<meta property=\"og:image:type\" content=\"image\/jpeg\" \/>\n<meta name=\"author\" content=\"Orus Logistics\" \/>\n<meta name=\"twitter:card\" content=\"summary_large_image\" \/>\n<meta name=\"twitter:label1\" content=\"Written by\" \/>\n\t<meta name=\"twitter:data1\" content=\"Orus Logistics\" \/>\n\t<meta name=\"twitter:label2\" content=\"Est. reading time\" \/>\n\t<meta name=\"twitter:data2\" content=\"8 minutes\" \/>\n<script type=\"application\/ld+json\" class=\"yoast-schema-graph\">{\"@context\":\"https:\\\/\\\/schema.org\",\"@graph\":[{\"@type\":\"Article\",\"@id\":\"https:\\\/\\\/oruslogistics.es\\\/en\\\/25th-aecoc-national-transport-forum-2026\\\/#article\",\"isPartOf\":{\"@id\":\"https:\\\/\\\/oruslogistics.es\\\/en\\\/25th-aecoc-national-transport-forum-2026\\\/\"},\"author\":{\"name\":\"Orus Logistics\",\"@id\":\"https:\\\/\\\/oruslogistics.es\\\/en\\\/#\\\/schema\\\/person\\\/0e444e71e7d5bda0697ede10436ceeb2\"},\"headline\":\"25th AECOC National Transport Forum 2026\",\"datePublished\":\"2026-03-09T19:19:52+00:00\",\"dateModified\":\"2026-03-09T19:34:32+00:00\",\"mainEntityOfPage\":{\"@id\":\"https:\\\/\\\/oruslogistics.es\\\/en\\\/25th-aecoc-national-transport-forum-2026\\\/\"},\"wordCount\":1707,\"commentCount\":0,\"publisher\":{\"@id\":\"https:\\\/\\\/oruslogistics.es\\\/en\\\/#organization\"},\"image\":{\"@id\":\"https:\\\/\\\/oruslogistics.es\\\/en\\\/25th-aecoc-national-transport-forum-2026\\\/#primaryimage\"},\"thumbnailUrl\":\"https:\\\/\\\/oruslogistics.es\\\/wp-content\\\/uploads\\\/2026\\\/03\\\/red-tanker-truck-wet-road-sunset.jpg\",\"keywords\":[\"logistics\",\"news\"],\"articleSection\":[\"Professional sector\"],\"inLanguage\":\"en-US\",\"potentialAction\":[{\"@type\":\"CommentAction\",\"name\":\"Comment\",\"target\":[\"https:\\\/\\\/oruslogistics.es\\\/en\\\/25th-aecoc-national-transport-forum-2026\\\/#respond\"]}]},{\"@type\":\"WebPage\",\"@id\":\"https:\\\/\\\/oruslogistics.es\\\/en\\\/25th-aecoc-national-transport-forum-2026\\\/\",\"url\":\"https:\\\/\\\/oruslogistics.es\\\/en\\\/25th-aecoc-national-transport-forum-2026\\\/\",\"name\":\"25th AECOC National Transport Forum 2026 - Orus logistics\",\"isPartOf\":{\"@id\":\"https:\\\/\\\/oruslogistics.es\\\/en\\\/#website\"},\"primaryImageOfPage\":{\"@id\":\"https:\\\/\\\/oruslogistics.es\\\/en\\\/25th-aecoc-national-transport-forum-2026\\\/#primaryimage\"},\"image\":{\"@id\":\"https:\\\/\\\/oruslogistics.es\\\/en\\\/25th-aecoc-national-transport-forum-2026\\\/#primaryimage\"},\"thumbnailUrl\":\"https:\\\/\\\/oruslogistics.es\\\/wp-content\\\/uploads\\\/2026\\\/03\\\/red-tanker-truck-wet-road-sunset.jpg\",\"datePublished\":\"2026-03-09T19:19:52+00:00\",\"dateModified\":\"2026-03-09T19:34:32+00:00\",\"description\":\"Learn about the 25th AECOC National Transport Forum 2026: date, agenda, speakers, and key insights into the transport sector\u2019s digital challenge.\",\"breadcrumb\":{\"@id\":\"https:\\\/\\\/oruslogistics.es\\\/en\\\/25th-aecoc-national-transport-forum-2026\\\/#breadcrumb\"},\"inLanguage\":\"en-US\",\"potentialAction\":[{\"@type\":\"ReadAction\",\"target\":[\"https:\\\/\\\/oruslogistics.es\\\/en\\\/25th-aecoc-national-transport-forum-2026\\\/\"]}]},{\"@type\":\"ImageObject\",\"inLanguage\":\"en-US\",\"@id\":\"https:\\\/\\\/oruslogistics.es\\\/en\\\/25th-aecoc-national-transport-forum-2026\\\/#primaryimage\",\"url\":\"https:\\\/\\\/oruslogistics.es\\\/wp-content\\\/uploads\\\/2026\\\/03\\\/red-tanker-truck-wet-road-sunset.jpg\",\"contentUrl\":\"https:\\\/\\\/oruslogistics.es\\\/wp-content\\\/uploads\\\/2026\\\/03\\\/red-tanker-truck-wet-road-sunset.jpg\",\"width\":1536,\"height\":1024,\"caption\":\"25th AECOC National Transport Forum 2026:\"},{\"@type\":\"BreadcrumbList\",\"@id\":\"https:\\\/\\\/oruslogistics.es\\\/en\\\/25th-aecoc-national-transport-forum-2026\\\/#breadcrumb\",\"itemListElement\":[{\"@type\":\"ListItem\",\"position\":1,\"name\":\"Portada\",\"item\":\"https:\\\/\\\/oruslogistics.es\\\/en\\\/\"},{\"@type\":\"ListItem\",\"position\":2,\"name\":\"25th AECOC National Transport Forum 2026\"}]},{\"@type\":\"WebSite\",\"@id\":\"https:\\\/\\\/oruslogistics.es\\\/en\\\/#website\",\"url\":\"https:\\\/\\\/oruslogistics.es\\\/en\\\/\",\"name\":\"Orus logistics\",\"description\":\"\",\"publisher\":{\"@id\":\"https:\\\/\\\/oruslogistics.es\\\/en\\\/#organization\"},\"potentialAction\":[{\"@type\":\"SearchAction\",\"target\":{\"@type\":\"EntryPoint\",\"urlTemplate\":\"https:\\\/\\\/oruslogistics.es\\\/en\\\/?s={search_term_string}\"},\"query-input\":{\"@type\":\"PropertyValueSpecification\",\"valueRequired\":true,\"valueName\":\"search_term_string\"}}],\"inLanguage\":\"en-US\"},{\"@type\":\"Organization\",\"@id\":\"https:\\\/\\\/oruslogistics.es\\\/en\\\/#organization\",\"name\":\"Orus logistics\",\"url\":\"https:\\\/\\\/oruslogistics.es\\\/en\\\/\",\"logo\":{\"@type\":\"ImageObject\",\"inLanguage\":\"en-US\",\"@id\":\"https:\\\/\\\/oruslogistics.es\\\/en\\\/#\\\/schema\\\/logo\\\/image\\\/\",\"url\":\"https:\\\/\\\/oruslogistics.es\\\/wp-content\\\/uploads\\\/2025\\\/07\\\/logo-1.webp\",\"contentUrl\":\"https:\\\/\\\/oruslogistics.es\\\/wp-content\\\/uploads\\\/2025\\\/07\\\/logo-1.webp\",\"width\":500,\"height\":250,\"caption\":\"Orus logistics\"},\"image\":{\"@id\":\"https:\\\/\\\/oruslogistics.es\\\/en\\\/#\\\/schema\\\/logo\\\/image\\\/\"}},{\"@type\":\"Person\",\"@id\":\"https:\\\/\\\/oruslogistics.es\\\/en\\\/#\\\/schema\\\/person\\\/0e444e71e7d5bda0697ede10436ceeb2\",\"name\":\"Orus Logistics\",\"image\":{\"@type\":\"ImageObject\",\"inLanguage\":\"en-US\",\"@id\":\"https:\\\/\\\/oruslogistics.es\\\/wp-content\\\/uploads\\\/2025\\\/08\\\/orus-avatar.svg\",\"url\":\"https:\\\/\\\/oruslogistics.es\\\/wp-content\\\/uploads\\\/2025\\\/08\\\/orus-avatar.svg\",\"contentUrl\":\"https:\\\/\\\/oruslogistics.es\\\/wp-content\\\/uploads\\\/2025\\\/08\\\/orus-avatar.svg\",\"caption\":\"Orus Logistics\"},\"url\":\"https:\\\/\\\/oruslogistics.es\\\/en\\\/author\\\/orus-logistics\\\/\"}]}<\/script>\n<!-- \/ Yoast SEO Premium plugin. -->","yoast_head_json":{"title":"25th AECOC National Transport Forum 2026 - Orus logistics","description":"Learn about the 25th AECOC National Transport Forum 2026: date, agenda, speakers, and key insights into the transport sector\u2019s digital challenge.","robots":{"index":"index","follow":"follow","max-snippet":"max-snippet:-1","max-image-preview":"max-image-preview:large","max-video-preview":"max-video-preview:-1"},"canonical":"https:\/\/oruslogistics.es\/en\/25th-aecoc-national-transport-forum-2026\/","og_locale":"en_US","og_type":"article","og_title":"25th AECOC National Transport Forum 2026","og_description":"Learn about the 25th AECOC National Transport Forum 2026: date, agenda, speakers, and key insights into the transport sector\u2019s digital challenge.","og_url":"https:\/\/oruslogistics.es\/en\/25th-aecoc-national-transport-forum-2026\/","og_site_name":"Orus logistics","article_published_time":"2026-03-09T19:19:52+00:00","article_modified_time":"2026-03-09T19:34:32+00:00","og_image":[{"width":1536,"height":1024,"url":"https:\/\/oruslogistics.es\/wp-content\/uploads\/2026\/03\/red-tanker-truck-wet-road-sunset.jpg","type":"image\/jpeg"}],"author":"Orus Logistics","twitter_card":"summary_large_image","twitter_misc":{"Written by":"Orus Logistics","Est. reading time":"8 minutes"},"schema":{"@context":"https:\/\/schema.org","@graph":[{"@type":"Article","@id":"https:\/\/oruslogistics.es\/en\/25th-aecoc-national-transport-forum-2026\/#article","isPartOf":{"@id":"https:\/\/oruslogistics.es\/en\/25th-aecoc-national-transport-forum-2026\/"},"author":{"name":"Orus Logistics","@id":"https:\/\/oruslogistics.es\/en\/#\/schema\/person\/0e444e71e7d5bda0697ede10436ceeb2"},"headline":"25th AECOC National Transport Forum 2026","datePublished":"2026-03-09T19:19:52+00:00","dateModified":"2026-03-09T19:34:32+00:00","mainEntityOfPage":{"@id":"https:\/\/oruslogistics.es\/en\/25th-aecoc-national-transport-forum-2026\/"},"wordCount":1707,"commentCount":0,"publisher":{"@id":"https:\/\/oruslogistics.es\/en\/#organization"},"image":{"@id":"https:\/\/oruslogistics.es\/en\/25th-aecoc-national-transport-forum-2026\/#primaryimage"},"thumbnailUrl":"https:\/\/oruslogistics.es\/wp-content\/uploads\/2026\/03\/red-tanker-truck-wet-road-sunset.jpg","keywords":["logistics","news"],"articleSection":["Professional sector"],"inLanguage":"en-US","potentialAction":[{"@type":"CommentAction","name":"Comment","target":["https:\/\/oruslogistics.es\/en\/25th-aecoc-national-transport-forum-2026\/#respond"]}]},{"@type":"WebPage","@id":"https:\/\/oruslogistics.es\/en\/25th-aecoc-national-transport-forum-2026\/","url":"https:\/\/oruslogistics.es\/en\/25th-aecoc-national-transport-forum-2026\/","name":"25th AECOC National Transport Forum 2026 - Orus logistics","isPartOf":{"@id":"https:\/\/oruslogistics.es\/en\/#website"},"primaryImageOfPage":{"@id":"https:\/\/oruslogistics.es\/en\/25th-aecoc-national-transport-forum-2026\/#primaryimage"},"image":{"@id":"https:\/\/oruslogistics.es\/en\/25th-aecoc-national-transport-forum-2026\/#primaryimage"},"thumbnailUrl":"https:\/\/oruslogistics.es\/wp-content\/uploads\/2026\/03\/red-tanker-truck-wet-road-sunset.jpg","datePublished":"2026-03-09T19:19:52+00:00","dateModified":"2026-03-09T19:34:32+00:00","description":"Learn about the 25th AECOC National Transport Forum 2026: date, agenda, speakers, and key insights into the transport sector\u2019s digital challenge.","breadcrumb":{"@id":"https:\/\/oruslogistics.es\/en\/25th-aecoc-national-transport-forum-2026\/#breadcrumb"},"inLanguage":"en-US","potentialAction":[{"@type":"ReadAction","target":["https:\/\/oruslogistics.es\/en\/25th-aecoc-national-transport-forum-2026\/"]}]},{"@type":"ImageObject","inLanguage":"en-US","@id":"https:\/\/oruslogistics.es\/en\/25th-aecoc-national-transport-forum-2026\/#primaryimage","url":"https:\/\/oruslogistics.es\/wp-content\/uploads\/2026\/03\/red-tanker-truck-wet-road-sunset.jpg","contentUrl":"https:\/\/oruslogistics.es\/wp-content\/uploads\/2026\/03\/red-tanker-truck-wet-road-sunset.jpg","width":1536,"height":1024,"caption":"25th AECOC National Transport Forum 2026:"},{"@type":"BreadcrumbList","@id":"https:\/\/oruslogistics.es\/en\/25th-aecoc-national-transport-forum-2026\/#breadcrumb","itemListElement":[{"@type":"ListItem","position":1,"name":"Portada","item":"https:\/\/oruslogistics.es\/en\/"},{"@type":"ListItem","position":2,"name":"25th AECOC National Transport Forum 2026"}]},{"@type":"WebSite","@id":"https:\/\/oruslogistics.es\/en\/#website","url":"https:\/\/oruslogistics.es\/en\/","name":"Orus logistics","description":"","publisher":{"@id":"https:\/\/oruslogistics.es\/en\/#organization"},"potentialAction":[{"@type":"SearchAction","target":{"@type":"EntryPoint","urlTemplate":"https:\/\/oruslogistics.es\/en\/?s={search_term_string}"},"query-input":{"@type":"PropertyValueSpecification","valueRequired":true,"valueName":"search_term_string"}}],"inLanguage":"en-US"},{"@type":"Organization","@id":"https:\/\/oruslogistics.es\/en\/#organization","name":"Orus logistics","url":"https:\/\/oruslogistics.es\/en\/","logo":{"@type":"ImageObject","inLanguage":"en-US","@id":"https:\/\/oruslogistics.es\/en\/#\/schema\/logo\/image\/","url":"https:\/\/oruslogistics.es\/wp-content\/uploads\/2025\/07\/logo-1.webp","contentUrl":"https:\/\/oruslogistics.es\/wp-content\/uploads\/2025\/07\/logo-1.webp","width":500,"height":250,"caption":"Orus logistics"},"image":{"@id":"https:\/\/oruslogistics.es\/en\/#\/schema\/logo\/image\/"}},{"@type":"Person","@id":"https:\/\/oruslogistics.es\/en\/#\/schema\/person\/0e444e71e7d5bda0697ede10436ceeb2","name":"Orus Logistics","image":{"@type":"ImageObject","inLanguage":"en-US","@id":"https:\/\/oruslogistics.es\/wp-content\/uploads\/2025\/08\/orus-avatar.svg","url":"https:\/\/oruslogistics.es\/wp-content\/uploads\/2025\/08\/orus-avatar.svg","contentUrl":"https:\/\/oruslogistics.es\/wp-content\/uploads\/2025\/08\/orus-avatar.svg","caption":"Orus Logistics"},"url":"https:\/\/oruslogistics.es\/en\/author\/orus-logistics\/"}]}},"_links":{"self":[{"href":"https:\/\/oruslogistics.es\/en\/wp-json\/wp\/v2\/posts\/2324","targetHints":{"allow":["GET"]}}],"collection":[{"href":"https:\/\/oruslogistics.es\/en\/wp-json\/wp\/v2\/posts"}],"about":[{"href":"https:\/\/oruslogistics.es\/en\/wp-json\/wp\/v2\/types\/post"}],"author":[{"embeddable":true,"href":"https:\/\/oruslogistics.es\/en\/wp-json\/wp\/v2\/users\/3"}],"replies":[{"embeddable":true,"href":"https:\/\/oruslogistics.es\/en\/wp-json\/wp\/v2\/comments?post=2324"}],"version-history":[{"count":2,"href":"https:\/\/oruslogistics.es\/en\/wp-json\/wp\/v2\/posts\/2324\/revisions"}],"predecessor-version":[{"id":2327,"href":"https:\/\/oruslogistics.es\/en\/wp-json\/wp\/v2\/posts\/2324\/revisions\/2327"}],"wp:featuredmedia":[{"embeddable":true,"href":"https:\/\/oruslogistics.es\/en\/wp-json\/wp\/v2\/media\/2323"}],"wp:attachment":[{"href":"https:\/\/oruslogistics.es\/en\/wp-json\/wp\/v2\/media?parent=2324"}],"wp:term":[{"taxonomy":"category","embeddable":true,"href":"https:\/\/oruslogistics.es\/en\/wp-json\/wp\/v2\/categories?post=2324"},{"taxonomy":"post_tag","embeddable":true,"href":"https:\/\/oruslogistics.es\/en\/wp-json\/wp\/v2\/tags?post=2324"}],"curies":[{"name":"wp","href":"https:\/\/api.w.org\/{rel}","templated":true}]}}