{"id":2334,"date":"2026-03-09T20:19:52","date_gmt":"2026-03-09T19:19:52","guid":{"rendered":"https:\/\/oruslogistics.es\/25-aecoc-nationales-transportforum-2026\/"},"modified":"2026-03-09T20:51:07","modified_gmt":"2026-03-09T19:51:07","slug":"25-aecoc-nationales-transportforum-2026","status":"publish","type":"post","link":"https:\/\/oruslogistics.es\/de\/25-aecoc-nationales-transportforum-2026\/","title":{"rendered":"25. AECOC Nationales Transportforum 2026"},"content":{"rendered":"[vc_row type=&#8220;in_container&#8220; full_screen_row_position=&#8220;middle&#8220; column_margin=&#8220;default&#8220; column_direction=&#8220;default&#8220; column_direction_tablet=&#8220;default&#8220; column_direction_phone=&#8220;default&#8220; scene_position=&#8220;center&#8220; text_color=&#8220;dark&#8220; text_align=&#8220;left&#8220; row_border_radius=&#8220;none&#8220; row_border_radius_applies=&#8220;bg&#8220; overflow=&#8220;visible&#8220; overlay_strength=&#8220;0.3&#8243; gradient_direction=&#8220;left_to_right&#8220; shape_divider_position=&#8220;bottom&#8220; bg_image_animation=&#8220;none&#8220;][vc_column column_padding=&#8220;no-extra-padding&#8220; column_padding_tablet=&#8220;inherit&#8220; column_padding_phone=&#8220;inherit&#8220; column_padding_position=&#8220;all&#8220; column_element_direction_desktop=&#8220;default&#8220; column_element_spacing=&#8220;default&#8220; desktop_text_alignment=&#8220;default&#8220; tablet_text_alignment=&#8220;default&#8220; phone_text_alignment=&#8220;default&#8220; background_color_opacity=&#8220;1&#8243; background_hover_color_opacity=&#8220;1&#8243; column_backdrop_filter=&#8220;none&#8220; column_shadow=&#8220;none&#8220; column_border_radius=&#8220;none&#8220; column_link_target=&#8220;_self&#8220; column_position=&#8220;default&#8220; gradient_direction=&#8220;left_to_right&#8220; overlay_strength=&#8220;0.3&#8243; width=&#8220;1\/1&#8243; tablet_width_inherit=&#8220;default&#8220; animation_type=&#8220;default&#8220; bg_image_animation=&#8220;none&#8220; border_type=&#8220;simple&#8220; column_border_width=&#8220;none&#8220; column_border_style=&#8220;solid&#8220;][vc_column_text css=&#8220;&#8220; text_direction=&#8220;default&#8220;]\n<p class=\"p1\">Das <b>AECOC Nationale Transportforum<\/b> feiert in diesem Jahr seine <a href=\"https:\/\/www.aecoc.es\/minisite\/foro-nacional-del-transporte\/\" target=\"_blank\" rel=\"noopener\">25. Ausgabe<\/a> und wird in Madrid erneut einen gro\u00dfen Teil der Fachleute zusammenbringen, die Transport und Logistik in Spanien bewegen. Die von <span class=\"s1\"><b>AECOC<\/b><\/span> organisierte Veranstaltung ist f\u00fcr den <span class=\"s1\"><b>12. M\u00e4rz 2026<\/b><\/span> vorgesehen und versteht sich als Treffpunkt f\u00fcr Hersteller, H\u00e4ndler, Transportunternehmen, Logistikdienstleister, Technologieanbieter, Branchenverb\u00e4nde und \u00f6ffentliche Verwaltungen.<\/p>\n<p><\/p>\n<p class=\"p1\">Es ist nicht einfach nur ein weiteres Event im Branchenterminkalender. AECOC definiert es als einen Raum, um Trends fr\u00fchzeitig zu erkennen, Perspektiven zu vergleichen und eine gemeinsame Agenda rund um mehrere Achsen voranzubringen, die den Transport bereits heute pr\u00e4gen: Nachhaltigkeit, Wettbewerbsf\u00e4higkeit, Talente und digitale Transformation.<\/p>\n<h2><b>Was ist das Nationale Transportforum von AECOC?<\/b><\/h2>\n<p><\/p>\n<p class=\"p3\">Nach Angaben der Organisation selbst hat sich das <b>AECOC Nationale Transportforum<\/b> in den vergangenen 25 Jahren als eines der wichtigsten Branchentreffen f\u00fcr die Wertsch\u00f6pfungskette von Transport und Logistik etabliert. In dieser Ausgabe richtet das Programm neben dem Networking den Fokus auf Themen, die eng mit der Realit\u00e4t des Sektors verbunden sind \u2013 vom regulatorischen Druck \u00fcber den Fahrermangel bis hin zu den Auswirkungen neuer Technologien.<span class=\"Apple-converted-space\"> <\/span><\/p>\n<p><\/p>\n<p class=\"p3\">AECOC weist au\u00dferdem darauf hin, dass sich das Forum besonders an Direktoren und Verantwortliche f\u00fcr Logistik und Transport richtet \u2013 sowohl aus Transportunternehmen als auch aus Unternehmen, die Transportleistungen nutzen \u2013, ebenso wie an Beh\u00f6rden und Profile aus dem Umfeld der \u00f6ffentlichen Verwaltung.<\/p>\n<h2><b>Wann und wo findet es statt?<\/b><\/h2>\n<p><\/p>\n<p class=\"p3\">Die 25. Ausgabe des <b>AECOC Nationalen Transportforums<\/b> findet am <span class=\"s2\"><b>12. M\u00e4rz 2026 in Madrid<\/b><\/span> statt. Die offizielle Website der Veranstaltung pr\u00e4sentiert sie als eine Sonderausgabe anl\u00e4sslich des 25-j\u00e4hrigen Jubil\u00e4ums des Forums.<\/p>\n<p>Anmeldungen auf der Website <a href=\"https:\/\/www.aecoc.es\/minisite\/foro-nacional-del-transporte\/\" target=\"_blank\" rel=\"noopener\">www.aecoc.es<\/a><\/p>\n[\/vc_column_text][image_with_animation image_url=&#8220;2318&#8243; image_size=&#8220;full&#8220; max_width=&#8220;100%&#8220; max_width_mobile=&#8220;default&#8220; animation_type=&#8220;entrance&#8220; animation=&#8220;None&#8220; animation_movement_type=&#8220;transform_y&#8220; hover_animation=&#8220;none&#8220; alignment=&#8220;center&#8220; border_radius=&#8220;none&#8220; box_shadow=&#8220;none&#8220; image_loading=&#8220;default&#8220;][vc_column_text css=&#8220;&#8220; text_direction=&#8220;default&#8220;]\n<h2><b>Programm des AECOC Nationalen Transportforums 2026<\/b><\/h2>\n<p><\/p>\n<p class=\"p3\">Das Programm dieser Ausgabe verbindet institutionelle Perspektiven, Diskussionsrunden und Networking-Bereiche. Der Tag beginnt mit der Er\u00f6ffnung durch <span class=\"s2\"><b>Jos\u00e9 Mar\u00eda Bonmat\u00ed<\/b><\/span>, Generaldirektor von AECOC, und <span class=\"s2\"><b>Roc\u00edo B\u00e1guena<\/b><\/span>, Generaldirektorin f\u00fcr Landverkehr im Ministerium f\u00fcr Verkehr und nachhaltige Mobilit\u00e4t.<span class=\"Apple-converted-space\"> <\/span><\/p>\n<p><\/p>\n<p class=\"p3\">Von dort aus behandelt das Programm mehrere der Themen, die den Sektor heute am meisten besch\u00e4ftigen:<\/p>\n<h3><b>1. Europ\u00e4ische Regulierung und ihre lokalen Auswirkungen<\/b><\/h3>\n<p><\/p>\n<p class=\"p3\">Einer der ersten Themenbl\u00f6cke befasst sich damit, wie der neue europ\u00e4ische und spanische Regulierungsrahmen operative Standards, Umweltanforderungen und verpflichtende Digitalisierungsprozesse neu definiert. An diesem Dialog nimmt <span class=\"s2\"><b>Jean-Louis Colson<\/b><\/span> teil, Referatsleiter in der Generaldirektion Mobilit\u00e4t und Verkehr der Europ\u00e4ischen Kommission.<span class=\"Apple-converted-space\"> <\/span><\/p>\n<h3><b>2. Der Fahrermangel<\/b><\/h3>\n<p><\/p>\n<p class=\"p3\">Das Forum widmet au\u00dferdem eine Diskussionsrunde einem der von Unternehmen am h\u00e4ufigsten genannten Probleme: dem Mangel an Fahrern und seinen Auswirkungen auf die Dienstleistungskapazit\u00e4t. Daran nehmen Vertreter von Unternehmen wie <span class=\"s2\"><b>DIA<\/b><\/span>, <span class=\"s2\"><b>Grupo Caliche<\/b><\/span> und <span class=\"s2\"><b>Transportes Sierra Morena<\/b><\/span> teil, moderiert von <span class=\"s2\"><b>Alejandro Santana<\/b><\/span> von Marlex.<span class=\"Apple-converted-space\"> <\/span><\/p>\n<h3><b>3. Autonomer Lkw und Wandel des Modells<\/b><\/h3>\n<p><\/p>\n<p class=\"p3\">Ein weiterer H\u00f6hepunkt wird der Vortrag \u00fcber autonome Lastwagen sein, den AECOC als eine Disruption beschreibt, die nicht mehr nur theoretisch ist. In diesem Block erscheinen Namen wie <span class=\"s2\"><b>Jaime S\u00e1nchez<\/b><\/span> (IVECO), <span class=\"s2\"><b>H\u00e9ctor Cebri\u00e1n<\/b><\/span> (SES\u00c9), <span class=\"s2\"><b>Pierre Pomper<\/b><\/span> (Einride), <span class=\"s2\"><b>Javier Mart\u00ednez<\/b><\/span> (Regierung von Arag\u00f3n) und <span class=\"s2\"><b>Raquel Urtasun<\/b><\/span> (Waabi).<span class=\"Apple-converted-space\"> <\/span><\/p>\n<h2><b>Referenten des AECOC Nationalen Transportforums 2026<\/b><\/h2>\n<p><\/p>\n<p class=\"p3\">Das Line-up vereint institutionelle Profile, Unternehmensf\u00fchrungskr\u00e4fte und Spezialisten aus dem Logistik- und Transport\u00f6kosystem. Zu den Namen, die im offiziellen Programm aufgef\u00fchrt sind, geh\u00f6ren unter anderem <span class=\"s2\"><b>Roc\u00edo B\u00e1guena<\/b><\/span>, <span class=\"s2\"><b>Jean-Louis Colson<\/b><\/span>, <span class=\"s2\"><b>Alejandro Santana<\/b><\/span>, <span class=\"s2\"><b>Pedro Gallego<\/b><\/span>, <span class=\"s2\"><b>Miguel \u00c1ngel Herchiga<\/b><\/span>, <span class=\"s2\"><b>Manuel Serrano<\/b><\/span>, <span class=\"s2\"><b>Jaime S\u00e1nchez<\/b><\/span>, <span class=\"s2\"><b>H\u00e9ctor Cebri\u00e1n<\/b><\/span>, <span class=\"s2\"><b>Raquel Urtasun<\/b><\/span>, <span class=\"s2\"><b>Carolina Torres<\/b><\/span>, <span class=\"s2\"><b>Diego Alonso<\/b><\/span> und <span class=\"s2\"><b>\u00c1ngel Soret<\/b><\/span>.<span class=\"Apple-converted-space\"> <\/span><\/p>\n<p><\/p>\n<p class=\"p3\">\u00dcber die Liste hinaus ist der Ansatz das eigentlich Interessante: AECOC verbindet institutionelle Sicht, operative Realit\u00e4t und angewandte Technologie. Und das ergibt in einem Moment wie diesem durchaus Sinn.<\/p>\n[\/vc_column_text][image_with_animation image_url=&#8220;2023&#8243; image_size=&#8220;full&#8220; max_width=&#8220;100%&#8220; max_width_mobile=&#8220;default&#8220; animation_type=&#8220;entrance&#8220; animation=&#8220;None&#8220; animation_movement_type=&#8220;transform_y&#8220; hover_animation=&#8220;none&#8220; alignment=&#8220;center&#8220; border_radius=&#8220;none&#8220; box_shadow=&#8220;none&#8220; image_loading=&#8220;default&#8220;][vc_column_text css=&#8220;&#8220; text_direction=&#8220;default&#8220;]\n<h2><b>Der Programmpunkt, der den Sektor am meisten interessiert: Oktober 2026 und die gro\u00dfe digitale Herausforderung<\/b><\/h2>\n<p><\/p>\n<p class=\"p3\">Wenn es einen Teil des Programms gibt, der besondere Aufmerksamkeit verdient, dann ist es die Diskussionsrunde mit dem Titel <span class=\"s2\"><b>\u201eOktober 2026: der Sektor vor seiner gr\u00f6\u00dften digitalen Herausforderung\u201c<\/b><\/span>. AECOC formuliert es sehr klar: Das <span class=\"s2\"><b>Gesetz 9\/2025 \u00fcber nachhaltige Mobilit\u00e4t<\/b><\/span> legt fest, dass das f\u00fcr den \u00f6ffentlichen Stra\u00dfeng\u00fcterverkehr erforderliche administrative Kontrolldokument zehn Monate nach Inkrafttreten des Gesetzes zwingend digital sein muss. Da das Gesetz am <span class=\"s2\"><b>3. Dezember 2025<\/b><\/span> ver\u00f6ffentlicht wurde, r\u00fcckt dieser verpflichtende Wandel den Fokus auf <span class=\"s2\"><b>Oktober 2026<\/b><\/span>.<span class=\"Apple-converted-space\"> <\/span><\/p>\n<p><\/p>\n<p class=\"p3\">Schon die Beschreibung dieser Runde l\u00e4sst erkennen, worin die Herausforderung liegt: Es geht nicht nur darum, Papier durch Bildschirme zu ersetzen. Es geht darum, Prozesse zu \u00fcberpr\u00fcfen, Systeme zu integrieren, Interoperabilit\u00e4t zu gew\u00e4hrleisten und hin zu einem datenbasierten Betrieb voranzukommen \u2013 etwas, das in einem Sektor mit unterschiedlichen Graden technologischer Reife und starker Unternehmensfragmentierung besonders sensibel ist.<span class=\"Apple-converted-space\"> <\/span><\/p>\n<p><\/p>\n<p class=\"p3\">An diesem Block nehmen <span class=\"s2\"><b>Carolina Torres<\/b><\/span>, Director of Logistics Execution Europe bei CHEP, <span class=\"s2\"><b>Diego Alonso<\/b><\/span>, Operations- und Business-Development-Direktor bei Eurolefesa, sowie <span class=\"s2\"><b>\u00c1ngel Soret<\/b><\/span>, stellvertretender Generaldirektor f\u00fcr die Inspektion des Stra\u00dfen- und Schienenverkehrs im Ministerium f\u00fcr Verkehr und nachhaltige Mobilit\u00e4t, teil.<span class=\"Apple-converted-space\"> <\/span><\/p>\n<h2><b>Was diese digitale Herausforderung wirklich f\u00fcr Frachtf\u00fchrer, Verlader und Betreiber bedeutet<\/b><\/h2>\n<p><\/p>\n<p class=\"p3\">Die Diskussion, die beim <strong>AECOC Nationalen Transportforum<\/strong> er\u00f6ffnet wird, kn\u00fcpft direkt an etwas an, das viele Unternehmen bereits auf dem Tisch haben: die Notwendigkeit, ihre Abl\u00e4ufe auf die verpflichtende digitale Dokumentation vorzubereiten. Das spanische Amtsblatt BOE enth\u00e4lt ausdr\u00fccklich diese Digitalisierung des Kontrolldokuments, und die elektronische Zentrale des Ministeriums sieht bereits Verfahren im Zusammenhang mit dem <span class=\"s2\"><b>digitalen Kontrolldokument<\/b><\/span> vor, wie etwa die \u00dcbermittlung des Dokuments oder die Mitteilung der Domain von Plattformen f\u00fcr elektronische Kontrolldokumente.<span class=\"Apple-converted-space\"> <\/span><\/p>\n<p><\/p>\n<p class=\"p3\">Einfach gesagt: Es wirkt weder wie ein entfernter Trend noch wie eine M\u00f6glichkeit, die man \u201esp\u00e4ter\u201c pr\u00fcfen k\u00f6nnte. Es ist ein realer regulatorischer Wandel mit festem Zeitplan, der technologische und operative Anpassungen verlangen wird.<span class=\"Apple-converted-space\"> <\/span><\/p>\n<h2><b>Welche Rolle Orus Logistics hier spielt<\/b><\/h2>\n<p><\/p>\n<p class=\"p3\">Aus der Perspektive von <a href=\"https:\/\/oruslogistics.es\/de\/\"><span class=\"s2\"><b>Orus Logistics<\/b><\/span><\/a> ist dieser Programmpunkt keine blo\u00dfe Randnotiz innerhalb der Veranstaltung. Er ist ein klares Signal daf\u00fcr, wohin sich der Sektor bewegt. Die Verpflichtung, mit digitaler Dokumentation zu arbeiten, zusammen mit der Notwendigkeit, Prozesse zu ordnen, die R\u00fcckverfolgbarkeit zu verbessern und die Kommunikation zwischen allen Akteuren der Kette zu erleichtern, passt direkt zu dem, was viele Unternehmen in den kommenden Monaten brauchen werden. Die regulatorische Grundlage ist bereits ver\u00f6ffentlicht, und das Programm von AECOC selbst best\u00e4tigt, dass dies eines der zentralen Diskussionsthemen des Jahres sein wird.<span class=\"Apple-converted-space\"> <\/span><\/p>\n<p><\/p>\n<p class=\"p3\">Deshalb ist uns bei Orus \u2013 \u00fcber das genaue Verfolgen dessen hinaus, was in dieser Runde geteilt wird \u2013 klar, dass diese Herausforderung nicht zu mehr Komplikationen f\u00fcr die Fachleute f\u00fchren sollte. Die Digitalisierung des Kontrolldokuments und anderer damit verbundener Prozesse muss auf eine praktische, einfache und f\u00fcr Unternehmen unterschiedlicher Gr\u00f6\u00dfen handhabbare Weise gel\u00f6st werden.<\/p>\n<h2><b>Eine Erinnerung, die man im Blick behalten sollte<\/b><\/h2>\n<p><\/p>\n<p class=\"p3\">Oktober 2026 scheint weit weg, bis man auf die Arbeit schaut, die noch vor einem liegt: Abl\u00e4ufe \u00fcberpr\u00fcfen, Verantwortlichkeiten festlegen, Daten verbinden, Zugriffe absichern, Nachweise ordnen und verhindern, dass eine gesetzliche Verpflichtung zu einem t\u00e4glichen operativen Problem wird. Genau darin liegt vermutlich der Kern der Debatte, die AECOC in dieser Ausgabe des <strong>AECOC Nationalen Transportforums<\/strong> auf den Tisch bringen m\u00f6chte.<span class=\"Apple-converted-space\"> <\/span><\/p>\n<p><\/p>\n<p class=\"p3\">Und genau hier m\u00f6chten wir von <span class=\"s2\"><b>Orus Logistics<\/b><\/span> Mehrwert schaffen: indem wir helfen, diesen \u00dcbergang einfach und kosteng\u00fcnstig zu gestalten, ohne dem Arbeitsalltag unn\u00f6tige Reibung hinzuzuf\u00fcgen.<\/p>\n[\/vc_column_text][vc_column_text css=&#8220;&#8220; text_direction=&#8220;default&#8220;]\n<h2><b>M\u00f6chten Sie zu den Ersten geh\u00f6ren, die es kostenlos ausprobieren?<\/b><\/h2>\n<p><\/p>\n<p class=\"p3\">Wenn Sie alles rund um das <strong>Nationale Transportforum<\/strong>, <span class=\"s2\"><b>AECOC<\/b><\/span> und das neue digitale Szenario, das sich f\u00fcr den Sektor er\u00f6ffnet, aufmerksam verfolgen, k\u00f6nnen Sie uns Ihre Daten im Formular hinterlassen. Wir benachrichtigen Sie dann, damit Sie zu den Ersten geh\u00f6ren, die die auf dieses neue Bed\u00fcrfnis ausgerichtete L\u00f6sung von Orus Logistics kostenlos testen.<\/p>\n<p><\/p>\n<p class=\"p3\">Denn sich rechtzeitig anzupassen ist immer besser, als zu rennen, wenn das Datum schon direkt bevorsteht.<\/p>\n[\/vc_column_text][\/vc_column][\/vc_row][vc_row type=&#8220;in_container&#8220; full_screen_row_position=&#8220;middle&#8220; column_margin=&#8220;default&#8220; column_direction=&#8220;default&#8220; column_direction_tablet=&#8220;default&#8220; column_direction_phone=&#8220;default&#8220; bg_color=&#8220;#EAEAEA&#8220; scene_position=&#8220;center&#8220; top_padding=&#8220;4%&#8220; bottom_padding=&#8220;4%&#8220; left_padding_desktop=&#8220;4%&#8220; right_padding_desktop=&#8220;4%&#8220; top_padding_phone=&#8220;15%&#8220; bottom_padding_phone=&#8220;15%&#8220; text_color=&#8220;dark&#8220; text_align=&#8220;left&#8220; row_border_radius=&#8220;20px&#8220; row_border_radius_applies=&#8220;bg&#8220; overflow=&#8220;visible&#8220; overlay_strength=&#8220;0.3&#8243; gradient_direction=&#8220;left_to_right&#8220; shape_divider_position=&#8220;bottom&#8220; bg_image_animation=&#8220;none&#8220; gradient_type=&#8220;default&#8220; shape_type=&#8220;&#8220;][vc_column column_padding=&#8220;no-extra-padding&#8220; column_padding_tablet=&#8220;inherit&#8220; column_padding_phone=&#8220;inherit&#8220; column_padding_position=&#8220;all&#8220; column_element_direction_desktop=&#8220;default&#8220; column_element_spacing=&#8220;default&#8220; centered_text=&#8220;true&#8220; desktop_text_alignment=&#8220;default&#8220; tablet_text_alignment=&#8220;default&#8220; phone_text_alignment=&#8220;default&#8220; background_color_opacity=&#8220;1&#8243; background_hover_color_opacity=&#8220;1&#8243; column_backdrop_filter=&#8220;none&#8220; column_shadow=&#8220;none&#8220; column_border_radius=&#8220;none&#8220; column_link_target=&#8220;_self&#8220; column_position=&#8220;default&#8220; gradient_direction=&#8220;left_to_right&#8220; overlay_strength=&#8220;0.3&#8243; width=&#8220;1\/1&#8243; tablet_width_inherit=&#8220;default&#8220; animation_type=&#8220;default&#8220; bg_image_animation=&#8220;none&#8220; border_type=&#8220;simple&#8220; column_border_width=&#8220;none&#8220; column_border_style=&#8220;solid&#8220; column_padding_type=&#8220;default&#8220; gradient_type=&#8220;default&#8220;][vc_column_text css=&#8220;&#8220; text_direction=&#8220;default&#8220;]\n<h3 class=\"p3\" style=\"text-align: center;\">M\u00f6chten Sie die Erstellung des digitalen DCA ausprobieren?<\/h3>\n<p><\/p>\n<p class=\"p3\" style=\"text-align: center;\">Fordern Sie Ihren exklusiven Zugang zum Test an.<\/p>\n<p><\/p>\n<p style=\"text-align: center;\"> <noscript class=\"ninja-forms-noscript-message\">\n\tHinweis: F\u00fcr diesen Inhalt ist JavaScript erforderlich.<\/noscript>\n<style>\n\n        \/* FIELDS STYLES *\/\n    \n        .nf-form-content .nf-field-container #nf-field-51-wrap .nf-field-element .ninja-forms-field {\n                                    background-color:#ffffff;\n                    }\n        .nf-form-content .nf-field-container #nf-field-52-wrap .nf-field-element .ninja-forms-field {\n                                    background-color:#ffffff;\n                    }\n    <\/style><div id=\"nf-form-9-cont\" class=\"nf-form-cont\" aria-live=\"polite\" aria-labelledby=\"nf-form-title-9\" aria-describedby=\"nf-form-errors-9\" role=\"form\">\n\n    <div class=\"nf-loading-spinner\"><\/div>\n\n<\/div>\n        <!-- That data is being printed as a workaround to page builders reordering the order of the scripts loaded-->\n        <script>var formDisplay=1;var nfForms=nfForms||[];var form=[];form.id='9';form.settings={\"objectType\":\"Form Setting\",\"editActive\":true,\"title\":\"Solicitud DCA DE\",\"created_at\":\"2026-02-03 20:32:11\",\"default_label_pos\":\"above\",\"show_title\":\"0\",\"clear_complete\":\"1\",\"hide_complete\":\"1\",\"logged_in\":\"\",\"wrapper_class\":\"\",\"element_class\":\"\",\"form_title_heading_level\":\"3\",\"key\":\"\",\"add_submit\":\"0\",\"changeEmailErrorMsg\":\"Bitte gib eine g\\u00fcltige E-Mail-Adresse ein.\",\"changeDateErrorMsg\":\"Bitte gib ein g\\u00fcltiges Datum ein!\",\"confirmFieldErrorMsg\":\"Diese Felder m\\u00fcssen \\u00fcbereinstimmen!\",\"fieldNumberNumMinError\":\"Die eingegebene Zahl ist zu klein.\",\"fieldNumberNumMaxError\":\"Die eingegebene Zahl ist zu gross.\",\"fieldNumberIncrementBy\":\"Bitte erh\\u00f6hen in Schritten von\",\"formErrorsCorrectErrors\":\"Bitte korrigiere die Fehler, bevor du das Formular sendest.\",\"validateRequiredField\":\"Dies ist ein Pflichtfeld.\",\"honeypotHoneypotError\":\"Honeypot-Fehler\",\"fieldsMarkedRequired\":\"Felder mit einem <span class=\\\"ninja-forms-req-symbol\\\">*<\\\/span> sind Pflichtfelder\",\"currency\":\"\",\"unique_field_error\":\"Ya se ha enviado un formulario con este valor.\",\"not_logged_in_msg\":\"\",\"sub_limit_msg\":\"Has alcanzado el l\\u00edmite de env\\u00edos en el formulario.\",\"calculations\":[],\"container_styles_show_advanced_css\":\"0\",\"title_styles_show_advanced_css\":\"0\",\"row_styles_show_advanced_css\":\"0\",\"row-odd_styles_show_advanced_css\":\"0\",\"success-msg_styles_show_advanced_css\":\"0\",\"error_msg_styles_show_advanced_css\":\"0\",\"formContentData\":[{\"order\":1,\"cells\":[{\"order\":0,\"fields\":[\"name_1770145938510\"],\"width\":\"100\"}]},{\"order\":2,\"cells\":[{\"order\":0,\"fields\":[\"email_1770145944147\"],\"width\":\"100\"}]},{\"order\":3,\"cells\":[{\"order\":0,\"fields\":[\"ich_habe_das_impressum_und_die_datenschutzerklaerung_gelesen_und_verstanden_und_stimme_zu_werbliche_mitteilungen_von_oruslogistics_es_per_e-mail_zu_erhalten_1770147198676\"],\"width\":\"100\"}]},{\"order\":4,\"cells\":[{\"order\":0,\"fields\":[\"anfrage_senden_1770147208884\"],\"width\":\"100\"}]}],\"objectDomain\":\"display\",\"drawerDisabled\":false,\"container_styles_border\":\"\",\"container_styles_height\":\"\",\"container_styles_margin\":\"\",\"container_styles_padding\":\"\",\"container_styles_float\":\"\",\"title_styles_border\":\"\",\"title_styles_height\":\"\",\"title_styles_width\":\"\",\"title_styles_font-size\":\"\",\"title_styles_margin\":\"\",\"title_styles_padding\":\"\",\"title_styles_float\":\"\",\"row_styles_border\":\"\",\"row_styles_width\":\"\",\"row_styles_font-size\":\"\",\"row_styles_margin\":\"\",\"row_styles_padding\":\"\",\"row-odd_styles_border\":\"\",\"row-odd_styles_height\":\"\",\"row-odd_styles_width\":\"\",\"row-odd_styles_font-size\":\"\",\"row-odd_styles_margin\":\"\",\"row-odd_styles_padding\":\"\",\"success-msg_styles_border\":\"\",\"success-msg_styles_height\":\"\",\"success-msg_styles_width\":\"\",\"success-msg_styles_font-size\":\"\",\"success-msg_styles_margin\":\"\",\"success-msg_styles_padding\":\"\",\"error_msg_styles_border\":\"\",\"error_msg_styles_width\":\"\",\"error_msg_styles_font-size\":\"\",\"error_msg_styles_margin\":\"\",\"error_msg_styles_padding\":\"\",\"conditions\":[],\"allow_public_link\":0,\"embed_form\":\"\",\"ninjaForms\":\"Ninja Forms\",\"fieldTextareaRTEInsertLink\":\"Link einf\\u00fcgen\",\"fieldTextareaRTEInsertMedia\":\"Medien einf\\u00fcgen\",\"fieldTextareaRTESelectAFile\":\"Eine Datei ausw\\u00e4hlen\",\"formHoneypot\":\"Falls du ein Mensch bist und dieses Feld siehst, dann lasse es bitte leer.\",\"fileUploadOldCodeFileUploadInProgress\":\"Datei-Upload l\\u00e4uft.\",\"fileUploadOldCodeFileUpload\":\"DATEI-UPLOAD\",\"currencySymbol\":false,\"thousands_sep\":\".\",\"decimal_point\":\",\",\"siteLocale\":\"de_DE\",\"dateFormat\":\"m\\\/d\\\/Y\",\"startOfWeek\":\"1\",\"of\":\"von\",\"previousMonth\":\"Vorheriger Monat\",\"nextMonth\":\"N\\u00e4chster Monat\",\"months\":[\"Januar\",\"Februar\",\"M\\u00e4rz\",\"April\",\"Mai\",\"Juni\",\"Juli\",\"August\",\"September\",\"Oktober\",\"November\",\"Dezember\"],\"monthsShort\":[\"Jan.\",\"Feb.\",\"M\\u00e4rz\",\"Apr.\",\"Mai\",\"Juni\",\"Juli\",\"Aug\",\"Sep.\",\"Okt.\",\"Nov.\",\"Dez.\"],\"weekdays\":[\"Sonntag\",\"Montag\",\"Dienstag\",\"Mittwoch\",\"Donnerstag\",\"Freitag\",\"Samstag\"],\"weekdaysShort\":[\"So.\",\"Mo.\",\"Di.\",\"Mi.\",\"Do.\",\"Fr.\",\"Sa.\"],\"weekdaysMin\":[\"So.\",\"Mo.\",\"Di.\",\"Mi.\",\"Do.\",\"Fr.\",\"Sa.\"],\"recaptchaConsentMissing\":\"reCaptcha validation couldn&#039;t load.\",\"recaptchaMissingCookie\":\"reCaptcha v3 validation couldn&#039;t load the cookie needed to submit the form.\",\"recaptchaConsentEvent\":\"Accept reCaptcha cookies before sending the form.\",\"currency_symbol\":\"\",\"beforeForm\":\"\",\"beforeFields\":\"\",\"afterFields\":\"\",\"afterForm\":\"\"};form.fields=[{\"objectType\":\"Field\",\"objectDomain\":\"fields\",\"editActive\":false,\"order\":1,\"idAttribute\":\"id\",\"label\":\"Name\",\"type\":\"firstname\",\"key\":\"name_1770145938510\",\"label_pos\":\"above\",\"required\":1,\"default\":\"\",\"placeholder\":\"\",\"container_class\":\"\",\"element_class\":\"\",\"admin_label\":\"\",\"help_text\":\"\",\"custom_name_attribute\":\"fname\",\"personally_identifiable\":1,\"wrap_styles_border\":\"\",\"wrap_styles_width\":\"\",\"wrap_styles_margin\":\"\",\"wrap_styles_padding\":\"\",\"wrap_styles_float\":\"\",\"wrap_styles_show_advanced_css\":0,\"label_styles_border\":\"\",\"label_styles_width\":\"\",\"label_styles_font-size\":\"\",\"label_styles_margin\":\"\",\"label_styles_padding\":\"\",\"label_styles_float\":\"\",\"label_styles_show_advanced_css\":0,\"element_styles_border\":\"\",\"element_styles_width\":\"\",\"element_styles_font-size\":\"\",\"element_styles_margin\":\"\",\"element_styles_padding\":\"\",\"element_styles_float\":\"\",\"element_styles_show_advanced_css\":0,\"cellcid\":\"c3638\",\"value\":\"\",\"wrap_styles_background-color\":\"\",\"drawerDisabled\":\"\",\"element_styles_background-color\":\"#ffffff\",\"field_label\":\"Name\",\"field_key\":\"name_1770145938510\",\"id\":51,\"beforeField\":\"\",\"afterField\":\"\",\"parentType\":\"firstname\",\"element_templates\":[\"firstname\",\"input\"],\"old_classname\":\"\",\"wrap_template\":\"wrap\"},{\"objectType\":\"Field\",\"objectDomain\":\"fields\",\"editActive\":false,\"order\":2,\"idAttribute\":\"id\",\"label\":\"Email\",\"type\":\"email\",\"key\":\"email_1770145944147\",\"label_pos\":\"above\",\"required\":1,\"default\":\"\",\"placeholder\":\"\",\"container_class\":\"\",\"element_class\":\"\",\"admin_label\":\"\",\"help_text\":\"\",\"custom_name_attribute\":\"email\",\"personally_identifiable\":1,\"wrap_styles_border\":\"\",\"wrap_styles_width\":\"\",\"wrap_styles_margin\":\"\",\"wrap_styles_padding\":\"\",\"wrap_styles_float\":\"\",\"wrap_styles_show_advanced_css\":0,\"label_styles_border\":\"\",\"label_styles_width\":\"\",\"label_styles_font-size\":\"\",\"label_styles_margin\":\"\",\"label_styles_padding\":\"\",\"label_styles_float\":\"\",\"label_styles_show_advanced_css\":0,\"element_styles_border\":\"\",\"element_styles_width\":\"\",\"element_styles_font-size\":\"\",\"element_styles_margin\":\"\",\"element_styles_padding\":\"\",\"element_styles_float\":\"\",\"element_styles_show_advanced_css\":0,\"cellcid\":\"c3642\",\"value\":\"\",\"wrap_styles_background-color\":\"\",\"drawerDisabled\":\"\",\"label_styles_background-color\":\"\",\"element_styles_background-color\":\"#ffffff\",\"field_label\":\"Email\",\"field_key\":\"email_1770145944147\",\"id\":52,\"beforeField\":\"\",\"afterField\":\"\",\"parentType\":\"email\",\"element_templates\":[\"email\",\"input\"],\"old_classname\":\"\",\"wrap_template\":\"wrap\"},{\"objectType\":\"Field\",\"objectDomain\":\"fields\",\"editActive\":false,\"order\":3,\"idAttribute\":\"id\",\"label\":\"Ich habe das Impressum und die Datenschutzerkl\\u00e4rung gelesen und verstanden und stimme zu, werbliche Mitteilungen von oruslogistics.es per E-Mail zu erhalten.\",\"type\":\"checkbox\",\"key\":\"ich_habe_das_impressum_und_die_datenschutzerklaerung_gelesen_und_verstanden_und_stimme_zu_werbliche_mitteilungen_von_oruslogistics_es_per_e-mail_zu_erhalten_1770147198676\",\"label_pos\":\"right\",\"required\":1,\"container_class\":\"\",\"element_class\":\"\",\"manual_key\":\"\",\"admin_label\":\"\",\"help_text\":\"<p><br><\\\/p>\",\"desc_text\":\"<p><br><\\\/p>\",\"default_value\":\"checked\",\"checked_value\":\"Marcado\",\"unchecked_value\":\"Desmarcado\",\"checked_calc_value\":\"\",\"unchecked_calc_value\":\"\",\"wrap_styles_border\":\"\",\"wrap_styles_width\":\"\",\"wrap_styles_margin\":\"\",\"wrap_styles_padding\":\"\",\"wrap_styles_float\":\"\",\"wrap_styles_show_advanced_css\":0,\"label_styles_border\":\"\",\"label_styles_width\":\"\",\"label_styles_font-size\":\"\",\"label_styles_margin\":\"\",\"label_styles_padding\":\"\",\"label_styles_float\":\"\",\"label_styles_show_advanced_css\":0,\"element_styles_border\":\"\",\"element_styles_width\":\"\",\"element_styles_font-size\":\"\",\"element_styles_margin\":\"\",\"element_styles_padding\":\"\",\"element_styles_float\":\"\",\"element_styles_show_advanced_css\":0,\"cellcid\":\"c3645\",\"drawerDisabled\":false,\"field_label\":\"I have read and understand the Legal Notice and the Privacy Policy, and I agree to receive commercial communications from oruslogistics.es via email.\",\"field_key\":\"i_have_read_and_understand_the_legal_notice_and_the_privacy_policy_and_i_agree_to_receive_commercial_communications_from_oruslogistics_es_via_email_1770146018201\",\"id\":53,\"beforeField\":\"\",\"afterField\":\"\",\"value\":\"\",\"parentType\":\"checkbox\",\"element_templates\":[\"checkbox\",\"input\"],\"old_classname\":\"\",\"wrap_template\":\"wrap\"},{\"objectType\":\"Field\",\"objectDomain\":\"fields\",\"editActive\":false,\"order\":4,\"idAttribute\":\"id\",\"label\":\"Anfrage senden\",\"type\":\"submit\",\"processing_label\":\"Wird verarbeitet\",\"container_class\":\"\",\"element_class\":\"\",\"key\":\"anfrage_senden_1770147208884\",\"admin_label\":\"\",\"wrap_styles_border\":\"\",\"wrap_styles_width\":\"\",\"wrap_styles_margin\":\"\",\"wrap_styles_padding\":\"\",\"wrap_styles_float\":\"\",\"wrap_styles_show_advanced_css\":0,\"element_styles_border\":\"\",\"element_styles_width\":\"\",\"element_styles_font-size\":\"\",\"element_styles_margin\":\"\",\"element_styles_padding\":\"\",\"element_styles_float\":\"\",\"element_styles_show_advanced_css\":0,\"submit_element_hover_styles_border\":\"\",\"submit_element_hover_styles_width\":\"\",\"submit_element_hover_styles_font-size\":\"\",\"submit_element_hover_styles_margin\":\"\",\"submit_element_hover_styles_padding\":\"\",\"submit_element_hover_styles_float\":\"\",\"submit_element_hover_styles_show_advanced_css\":0,\"cellcid\":\"c3648\",\"drawerDisabled\":false,\"field_label\":\"Submit request\",\"field_key\":\"submit_request_1770146029262\",\"id\":54,\"beforeField\":\"\",\"afterField\":\"\",\"value\":\"\",\"label_pos\":\"above\",\"parentType\":\"textbox\",\"element_templates\":[\"submit\",\"button\",\"input\"],\"old_classname\":\"\",\"wrap_template\":\"wrap-no-label\"}];nfForms.push(form);<\/script>\n                <script id=\"nf-tmpl-cell\" type=\"text\/template\">\n            <nf-fields><\/nf-fields>\n        <\/script>\n\n        <script id=\"nf-tmpl-row\" type=\"text\/template\">\n            <nf-cells><\/nf-cells>\n        <\/script>\n\n        \n[\/vc_column_text][\/vc_column][\/vc_row]\n","protected":false},"excerpt":{"rendered":"<p>Das 25. AECOC Nationale Transportforum findet am 12. M\u00e4rz 2026 in Madrid statt und wird einige der gro\u00dfen Themen auf den Tisch bringen, die den Sektor pr\u00e4gen werden. Wir werfen einen Blick auf das Programm, mehrere der wichtigsten Referenten und die Debatte \u00fcber die digitale Herausforderung, die auf den G\u00fcterverkehr zukommt.<\/p>\n","protected":false},"author":3,"featured_media":2333,"comment_status":"open","ping_status":"open","sticky":false,"template":"","format":"standard","meta":{"inline_featured_image":false,"footnotes":""},"categories":[112],"tags":[54,113],"class_list":{"0":"post-2334","1":"post","2":"type-post","3":"status-publish","4":"format-standard","5":"has-post-thumbnail","7":"category-professioneller-sektor","8":"tag-logistik","9":"tag-nachrichten"},"yoast_head":"<!-- This site is optimized with the Yoast SEO Premium plugin v27.2 (Yoast SEO v27.4) - https:\/\/yoast.com\/product\/yoast-seo-premium-wordpress\/ -->\n<title>25. AECOC Nationales Transportforum 2026 - Orus logistics<\/title>\n<meta name=\"description\" content=\"Lernen Sie das 25. AECOC Nationale Transportforum 2026 kennen: Datum, Programm, Referenten und die wichtigsten Punkte der digitalen Herausforderung im Transportsektor.\" \/>\n<meta name=\"robots\" content=\"index, follow, max-snippet:-1, max-image-preview:large, max-video-preview:-1\" \/>\n<link rel=\"canonical\" href=\"https:\/\/oruslogistics.es\/de\/25-aecoc-nationales-transportforum-2026\/\" \/>\n<meta property=\"og:locale\" content=\"de_DE\" \/>\n<meta property=\"og:type\" content=\"article\" \/>\n<meta property=\"og:title\" content=\"25. AECOC Nationales Transportforum 2026\" \/>\n<meta property=\"og:description\" content=\"Lernen Sie das 25. AECOC Nationale Transportforum 2026 kennen: Datum, Programm, Referenten und die wichtigsten Punkte der digitalen Herausforderung im Transportsektor.\" \/>\n<meta property=\"og:url\" content=\"https:\/\/oruslogistics.es\/de\/25-aecoc-nationales-transportforum-2026\/\" \/>\n<meta property=\"og:site_name\" content=\"Orus logistics\" \/>\n<meta property=\"article:published_time\" content=\"2026-03-09T19:19:52+00:00\" \/>\n<meta property=\"article:modified_time\" content=\"2026-03-09T19:51:07+00:00\" \/>\n<meta property=\"og:image\" content=\"https:\/\/oruslogistics.es\/wp-content\/uploads\/2026\/03\/red-tanker-truck-wet-road-sunset.jpg\" \/>\n\t<meta property=\"og:image:width\" content=\"1536\" \/>\n\t<meta property=\"og:image:height\" content=\"1024\" \/>\n\t<meta property=\"og:image:type\" content=\"image\/jpeg\" \/>\n<meta name=\"author\" content=\"Orus Logistics\" \/>\n<meta name=\"twitter:card\" content=\"summary_large_image\" \/>\n<meta name=\"twitter:label1\" content=\"Verfasst von\" \/>\n\t<meta name=\"twitter:data1\" content=\"Orus Logistics\" \/>\n\t<meta name=\"twitter:label2\" content=\"Gesch\u00e4tzte Lesezeit\" \/>\n\t<meta name=\"twitter:data2\" content=\"9\u00a0Minuten\" \/>\n<script type=\"application\/ld+json\" class=\"yoast-schema-graph\">{\"@context\":\"https:\\\/\\\/schema.org\",\"@graph\":[{\"@type\":\"Article\",\"@id\":\"https:\\\/\\\/oruslogistics.es\\\/de\\\/25-aecoc-nationales-transportforum-2026\\\/#article\",\"isPartOf\":{\"@id\":\"https:\\\/\\\/oruslogistics.es\\\/de\\\/25-aecoc-nationales-transportforum-2026\\\/\"},\"author\":{\"name\":\"Orus Logistics\",\"@id\":\"https:\\\/\\\/oruslogistics.es\\\/de\\\/#\\\/schema\\\/person\\\/0e444e71e7d5bda0697ede10436ceeb2\"},\"headline\":\"25. AECOC Nationales Transportforum 2026\",\"datePublished\":\"2026-03-09T19:19:52+00:00\",\"dateModified\":\"2026-03-09T19:51:07+00:00\",\"mainEntityOfPage\":{\"@id\":\"https:\\\/\\\/oruslogistics.es\\\/de\\\/25-aecoc-nationales-transportforum-2026\\\/\"},\"wordCount\":1760,\"commentCount\":0,\"publisher\":{\"@id\":\"https:\\\/\\\/oruslogistics.es\\\/de\\\/#organization\"},\"image\":{\"@id\":\"https:\\\/\\\/oruslogistics.es\\\/de\\\/25-aecoc-nationales-transportforum-2026\\\/#primaryimage\"},\"thumbnailUrl\":\"https:\\\/\\\/oruslogistics.es\\\/wp-content\\\/uploads\\\/2026\\\/03\\\/red-tanker-truck-wet-road-sunset.jpg\",\"keywords\":[\"Logistik\",\"Nachrichten\"],\"articleSection\":[\"Professioneller Sektor\"],\"inLanguage\":\"de\",\"potentialAction\":[{\"@type\":\"CommentAction\",\"name\":\"Comment\",\"target\":[\"https:\\\/\\\/oruslogistics.es\\\/de\\\/25-aecoc-nationales-transportforum-2026\\\/#respond\"]}]},{\"@type\":\"WebPage\",\"@id\":\"https:\\\/\\\/oruslogistics.es\\\/de\\\/25-aecoc-nationales-transportforum-2026\\\/\",\"url\":\"https:\\\/\\\/oruslogistics.es\\\/de\\\/25-aecoc-nationales-transportforum-2026\\\/\",\"name\":\"25. AECOC Nationales Transportforum 2026 - Orus logistics\",\"isPartOf\":{\"@id\":\"https:\\\/\\\/oruslogistics.es\\\/de\\\/#website\"},\"primaryImageOfPage\":{\"@id\":\"https:\\\/\\\/oruslogistics.es\\\/de\\\/25-aecoc-nationales-transportforum-2026\\\/#primaryimage\"},\"image\":{\"@id\":\"https:\\\/\\\/oruslogistics.es\\\/de\\\/25-aecoc-nationales-transportforum-2026\\\/#primaryimage\"},\"thumbnailUrl\":\"https:\\\/\\\/oruslogistics.es\\\/wp-content\\\/uploads\\\/2026\\\/03\\\/red-tanker-truck-wet-road-sunset.jpg\",\"datePublished\":\"2026-03-09T19:19:52+00:00\",\"dateModified\":\"2026-03-09T19:51:07+00:00\",\"description\":\"Lernen Sie das 25. AECOC Nationale Transportforum 2026 kennen: Datum, Programm, Referenten und die wichtigsten Punkte der digitalen Herausforderung im Transportsektor.\",\"breadcrumb\":{\"@id\":\"https:\\\/\\\/oruslogistics.es\\\/de\\\/25-aecoc-nationales-transportforum-2026\\\/#breadcrumb\"},\"inLanguage\":\"de\",\"potentialAction\":[{\"@type\":\"ReadAction\",\"target\":[\"https:\\\/\\\/oruslogistics.es\\\/de\\\/25-aecoc-nationales-transportforum-2026\\\/\"]}]},{\"@type\":\"ImageObject\",\"inLanguage\":\"de\",\"@id\":\"https:\\\/\\\/oruslogistics.es\\\/de\\\/25-aecoc-nationales-transportforum-2026\\\/#primaryimage\",\"url\":\"https:\\\/\\\/oruslogistics.es\\\/wp-content\\\/uploads\\\/2026\\\/03\\\/red-tanker-truck-wet-road-sunset.jpg\",\"contentUrl\":\"https:\\\/\\\/oruslogistics.es\\\/wp-content\\\/uploads\\\/2026\\\/03\\\/red-tanker-truck-wet-road-sunset.jpg\",\"width\":1536,\"height\":1024,\"caption\":\"25. AECOC Nationales Transportforum 2026:\"},{\"@type\":\"BreadcrumbList\",\"@id\":\"https:\\\/\\\/oruslogistics.es\\\/de\\\/25-aecoc-nationales-transportforum-2026\\\/#breadcrumb\",\"itemListElement\":[{\"@type\":\"ListItem\",\"position\":1,\"name\":\"Portada\",\"item\":\"https:\\\/\\\/oruslogistics.es\\\/de\\\/\"},{\"@type\":\"ListItem\",\"position\":2,\"name\":\"25. AECOC Nationales Transportforum 2026\"}]},{\"@type\":\"WebSite\",\"@id\":\"https:\\\/\\\/oruslogistics.es\\\/de\\\/#website\",\"url\":\"https:\\\/\\\/oruslogistics.es\\\/de\\\/\",\"name\":\"Orus logistics\",\"description\":\"\",\"publisher\":{\"@id\":\"https:\\\/\\\/oruslogistics.es\\\/de\\\/#organization\"},\"potentialAction\":[{\"@type\":\"SearchAction\",\"target\":{\"@type\":\"EntryPoint\",\"urlTemplate\":\"https:\\\/\\\/oruslogistics.es\\\/de\\\/?s={search_term_string}\"},\"query-input\":{\"@type\":\"PropertyValueSpecification\",\"valueRequired\":true,\"valueName\":\"search_term_string\"}}],\"inLanguage\":\"de\"},{\"@type\":\"Organization\",\"@id\":\"https:\\\/\\\/oruslogistics.es\\\/de\\\/#organization\",\"name\":\"Orus logistics\",\"url\":\"https:\\\/\\\/oruslogistics.es\\\/de\\\/\",\"logo\":{\"@type\":\"ImageObject\",\"inLanguage\":\"de\",\"@id\":\"https:\\\/\\\/oruslogistics.es\\\/de\\\/#\\\/schema\\\/logo\\\/image\\\/\",\"url\":\"https:\\\/\\\/oruslogistics.es\\\/wp-content\\\/uploads\\\/2025\\\/07\\\/logo-1.webp\",\"contentUrl\":\"https:\\\/\\\/oruslogistics.es\\\/wp-content\\\/uploads\\\/2025\\\/07\\\/logo-1.webp\",\"width\":500,\"height\":250,\"caption\":\"Orus logistics\"},\"image\":{\"@id\":\"https:\\\/\\\/oruslogistics.es\\\/de\\\/#\\\/schema\\\/logo\\\/image\\\/\"}},{\"@type\":\"Person\",\"@id\":\"https:\\\/\\\/oruslogistics.es\\\/de\\\/#\\\/schema\\\/person\\\/0e444e71e7d5bda0697ede10436ceeb2\",\"name\":\"Orus Logistics\",\"image\":{\"@type\":\"ImageObject\",\"inLanguage\":\"de\",\"@id\":\"https:\\\/\\\/oruslogistics.es\\\/wp-content\\\/uploads\\\/2025\\\/08\\\/orus-avatar.svg\",\"url\":\"https:\\\/\\\/oruslogistics.es\\\/wp-content\\\/uploads\\\/2025\\\/08\\\/orus-avatar.svg\",\"contentUrl\":\"https:\\\/\\\/oruslogistics.es\\\/wp-content\\\/uploads\\\/2025\\\/08\\\/orus-avatar.svg\",\"caption\":\"Orus Logistics\"},\"url\":\"https:\\\/\\\/oruslogistics.es\\\/de\\\/author\\\/orus-logistics\\\/\"}]}<\/script>\n<!-- \/ Yoast SEO Premium plugin. -->","yoast_head_json":{"title":"25. AECOC Nationales Transportforum 2026 - Orus logistics","description":"Lernen Sie das 25. AECOC Nationale Transportforum 2026 kennen: Datum, Programm, Referenten und die wichtigsten Punkte der digitalen Herausforderung im Transportsektor.","robots":{"index":"index","follow":"follow","max-snippet":"max-snippet:-1","max-image-preview":"max-image-preview:large","max-video-preview":"max-video-preview:-1"},"canonical":"https:\/\/oruslogistics.es\/de\/25-aecoc-nationales-transportforum-2026\/","og_locale":"de_DE","og_type":"article","og_title":"25. AECOC Nationales Transportforum 2026","og_description":"Lernen Sie das 25. AECOC Nationale Transportforum 2026 kennen: Datum, Programm, Referenten und die wichtigsten Punkte der digitalen Herausforderung im Transportsektor.","og_url":"https:\/\/oruslogistics.es\/de\/25-aecoc-nationales-transportforum-2026\/","og_site_name":"Orus logistics","article_published_time":"2026-03-09T19:19:52+00:00","article_modified_time":"2026-03-09T19:51:07+00:00","og_image":[{"width":1536,"height":1024,"url":"https:\/\/oruslogistics.es\/wp-content\/uploads\/2026\/03\/red-tanker-truck-wet-road-sunset.jpg","type":"image\/jpeg"}],"author":"Orus Logistics","twitter_card":"summary_large_image","twitter_misc":{"Verfasst von":"Orus Logistics","Gesch\u00e4tzte Lesezeit":"9\u00a0Minuten"},"schema":{"@context":"https:\/\/schema.org","@graph":[{"@type":"Article","@id":"https:\/\/oruslogistics.es\/de\/25-aecoc-nationales-transportforum-2026\/#article","isPartOf":{"@id":"https:\/\/oruslogistics.es\/de\/25-aecoc-nationales-transportforum-2026\/"},"author":{"name":"Orus Logistics","@id":"https:\/\/oruslogistics.es\/de\/#\/schema\/person\/0e444e71e7d5bda0697ede10436ceeb2"},"headline":"25. AECOC Nationales Transportforum 2026","datePublished":"2026-03-09T19:19:52+00:00","dateModified":"2026-03-09T19:51:07+00:00","mainEntityOfPage":{"@id":"https:\/\/oruslogistics.es\/de\/25-aecoc-nationales-transportforum-2026\/"},"wordCount":1760,"commentCount":0,"publisher":{"@id":"https:\/\/oruslogistics.es\/de\/#organization"},"image":{"@id":"https:\/\/oruslogistics.es\/de\/25-aecoc-nationales-transportforum-2026\/#primaryimage"},"thumbnailUrl":"https:\/\/oruslogistics.es\/wp-content\/uploads\/2026\/03\/red-tanker-truck-wet-road-sunset.jpg","keywords":["Logistik","Nachrichten"],"articleSection":["Professioneller Sektor"],"inLanguage":"de","potentialAction":[{"@type":"CommentAction","name":"Comment","target":["https:\/\/oruslogistics.es\/de\/25-aecoc-nationales-transportforum-2026\/#respond"]}]},{"@type":"WebPage","@id":"https:\/\/oruslogistics.es\/de\/25-aecoc-nationales-transportforum-2026\/","url":"https:\/\/oruslogistics.es\/de\/25-aecoc-nationales-transportforum-2026\/","name":"25. AECOC Nationales Transportforum 2026 - Orus logistics","isPartOf":{"@id":"https:\/\/oruslogistics.es\/de\/#website"},"primaryImageOfPage":{"@id":"https:\/\/oruslogistics.es\/de\/25-aecoc-nationales-transportforum-2026\/#primaryimage"},"image":{"@id":"https:\/\/oruslogistics.es\/de\/25-aecoc-nationales-transportforum-2026\/#primaryimage"},"thumbnailUrl":"https:\/\/oruslogistics.es\/wp-content\/uploads\/2026\/03\/red-tanker-truck-wet-road-sunset.jpg","datePublished":"2026-03-09T19:19:52+00:00","dateModified":"2026-03-09T19:51:07+00:00","description":"Lernen Sie das 25. AECOC Nationale Transportforum 2026 kennen: Datum, Programm, Referenten und die wichtigsten Punkte der digitalen Herausforderung im Transportsektor.","breadcrumb":{"@id":"https:\/\/oruslogistics.es\/de\/25-aecoc-nationales-transportforum-2026\/#breadcrumb"},"inLanguage":"de","potentialAction":[{"@type":"ReadAction","target":["https:\/\/oruslogistics.es\/de\/25-aecoc-nationales-transportforum-2026\/"]}]},{"@type":"ImageObject","inLanguage":"de","@id":"https:\/\/oruslogistics.es\/de\/25-aecoc-nationales-transportforum-2026\/#primaryimage","url":"https:\/\/oruslogistics.es\/wp-content\/uploads\/2026\/03\/red-tanker-truck-wet-road-sunset.jpg","contentUrl":"https:\/\/oruslogistics.es\/wp-content\/uploads\/2026\/03\/red-tanker-truck-wet-road-sunset.jpg","width":1536,"height":1024,"caption":"25. AECOC Nationales Transportforum 2026:"},{"@type":"BreadcrumbList","@id":"https:\/\/oruslogistics.es\/de\/25-aecoc-nationales-transportforum-2026\/#breadcrumb","itemListElement":[{"@type":"ListItem","position":1,"name":"Portada","item":"https:\/\/oruslogistics.es\/de\/"},{"@type":"ListItem","position":2,"name":"25. AECOC Nationales Transportforum 2026"}]},{"@type":"WebSite","@id":"https:\/\/oruslogistics.es\/de\/#website","url":"https:\/\/oruslogistics.es\/de\/","name":"Orus logistics","description":"","publisher":{"@id":"https:\/\/oruslogistics.es\/de\/#organization"},"potentialAction":[{"@type":"SearchAction","target":{"@type":"EntryPoint","urlTemplate":"https:\/\/oruslogistics.es\/de\/?s={search_term_string}"},"query-input":{"@type":"PropertyValueSpecification","valueRequired":true,"valueName":"search_term_string"}}],"inLanguage":"de"},{"@type":"Organization","@id":"https:\/\/oruslogistics.es\/de\/#organization","name":"Orus logistics","url":"https:\/\/oruslogistics.es\/de\/","logo":{"@type":"ImageObject","inLanguage":"de","@id":"https:\/\/oruslogistics.es\/de\/#\/schema\/logo\/image\/","url":"https:\/\/oruslogistics.es\/wp-content\/uploads\/2025\/07\/logo-1.webp","contentUrl":"https:\/\/oruslogistics.es\/wp-content\/uploads\/2025\/07\/logo-1.webp","width":500,"height":250,"caption":"Orus logistics"},"image":{"@id":"https:\/\/oruslogistics.es\/de\/#\/schema\/logo\/image\/"}},{"@type":"Person","@id":"https:\/\/oruslogistics.es\/de\/#\/schema\/person\/0e444e71e7d5bda0697ede10436ceeb2","name":"Orus Logistics","image":{"@type":"ImageObject","inLanguage":"de","@id":"https:\/\/oruslogistics.es\/wp-content\/uploads\/2025\/08\/orus-avatar.svg","url":"https:\/\/oruslogistics.es\/wp-content\/uploads\/2025\/08\/orus-avatar.svg","contentUrl":"https:\/\/oruslogistics.es\/wp-content\/uploads\/2025\/08\/orus-avatar.svg","caption":"Orus Logistics"},"url":"https:\/\/oruslogistics.es\/de\/author\/orus-logistics\/"}]}},"_links":{"self":[{"href":"https:\/\/oruslogistics.es\/de\/wp-json\/wp\/v2\/posts\/2334","targetHints":{"allow":["GET"]}}],"collection":[{"href":"https:\/\/oruslogistics.es\/de\/wp-json\/wp\/v2\/posts"}],"about":[{"href":"https:\/\/oruslogistics.es\/de\/wp-json\/wp\/v2\/types\/post"}],"author":[{"embeddable":true,"href":"https:\/\/oruslogistics.es\/de\/wp-json\/wp\/v2\/users\/3"}],"replies":[{"embeddable":true,"href":"https:\/\/oruslogistics.es\/de\/wp-json\/wp\/v2\/comments?post=2334"}],"version-history":[{"count":2,"href":"https:\/\/oruslogistics.es\/de\/wp-json\/wp\/v2\/posts\/2334\/revisions"}],"predecessor-version":[{"id":2337,"href":"https:\/\/oruslogistics.es\/de\/wp-json\/wp\/v2\/posts\/2334\/revisions\/2337"}],"wp:featuredmedia":[{"embeddable":true,"href":"https:\/\/oruslogistics.es\/de\/wp-json\/wp\/v2\/media\/2333"}],"wp:attachment":[{"href":"https:\/\/oruslogistics.es\/de\/wp-json\/wp\/v2\/media?parent=2334"}],"wp:term":[{"taxonomy":"category","embeddable":true,"href":"https:\/\/oruslogistics.es\/de\/wp-json\/wp\/v2\/categories?post=2334"},{"taxonomy":"post_tag","embeddable":true,"href":"https:\/\/oruslogistics.es\/de\/wp-json\/wp\/v2\/tags?post=2334"}],"curies":[{"name":"wp","href":"https:\/\/api.w.org\/{rel}","templated":true}]}}